{"id":1092,"date":"2019-10-15T16:48:42","date_gmt":"2019-10-15T15:48:42","guid":{"rendered":"http:\/\/www.senklerhof.de\/?p=1092"},"modified":"2021-06-07T17:00:48","modified_gmt":"2021-06-07T16:00:48","slug":"arbeitswochenende-11-13-oktober-2019","status":"publish","type":"post","link":"https:\/\/www.senklerhof.de\/index.php\/2019\/10\/15\/arbeitswochenende-11-13-oktober-2019\/","title":{"rendered":"Arbeitswochenende 11.-13. Oktober 2019"},"content":{"rendered":"<p>Das Arbeitswochenende stand ganz im Zeichen die Fluchtwegsituation im 1. Stock zu verbessern.<\/p>\n<p>Die Fluchtwege m\u00fcssen so gestaltet sein, dass ein Fluchtweg nicht \u00fcber ein Treppenhaus f\u00fchrt. Daher wurde eine T\u00fcr zwischen dem 8-Bett Zimmer und 10-Bett Zimmer eingebaut um eine direkte Flucht zu erm\u00f6glichen.<\/p>\n<p><img loading=\"lazy\" decoding=\"async\" class=\"size-medium wp-image-1093 alignleft\" src=\"http:\/\/www.senklerhof.de\/wp-content\/uploads\/2019\/10\/Arbeitswochenende-Okt2019-T\u00fcr-8-10-Zimmer-1-Web-169x300.jpg\" alt=\"\" width=\"169\" height=\"300\" srcset=\"https:\/\/www.senklerhof.de\/wp-content\/uploads\/2019\/10\/Arbeitswochenende-Okt2019-T\u00fcr-8-10-Zimmer-1-Web-169x300.jpg 169w, https:\/\/www.senklerhof.de\/wp-content\/uploads\/2019\/10\/Arbeitswochenende-Okt2019-T\u00fcr-8-10-Zimmer-1-Web-768x1365.jpg 768w, https:\/\/www.senklerhof.de\/wp-content\/uploads\/2019\/10\/Arbeitswochenende-Okt2019-T\u00fcr-8-10-Zimmer-1-Web-576x1024.jpg 576w, https:\/\/www.senklerhof.de\/wp-content\/uploads\/2019\/10\/Arbeitswochenende-Okt2019-T\u00fcr-8-10-Zimmer-1-Web-520x924.jpg 520w, https:\/\/www.senklerhof.de\/wp-content\/uploads\/2019\/10\/Arbeitswochenende-Okt2019-T\u00fcr-8-10-Zimmer-1-Web-740x1316.jpg 740w\" sizes=\"auto, (max-width: 169px) 100vw, 169px\" \/><img loading=\"lazy\" decoding=\"async\" class=\"size-medium wp-image-1094 alignleft\" src=\"http:\/\/www.senklerhof.de\/wp-content\/uploads\/2019\/10\/Arbeitswochenende-Okt2019-T\u00fcr-8-10-Zimmer-2-Web-169x300.jpg\" alt=\"\" width=\"169\" height=\"300\" srcset=\"https:\/\/www.senklerhof.de\/wp-content\/uploads\/2019\/10\/Arbeitswochenende-Okt2019-T\u00fcr-8-10-Zimmer-2-Web-169x300.jpg 169w, https:\/\/www.senklerhof.de\/wp-content\/uploads\/2019\/10\/Arbeitswochenende-Okt2019-T\u00fcr-8-10-Zimmer-2-Web-768x1365.jpg 768w, https:\/\/www.senklerhof.de\/wp-content\/uploads\/2019\/10\/Arbeitswochenende-Okt2019-T\u00fcr-8-10-Zimmer-2-Web-576x1024.jpg 576w, https:\/\/www.senklerhof.de\/wp-content\/uploads\/2019\/10\/Arbeitswochenende-Okt2019-T\u00fcr-8-10-Zimmer-2-Web-520x924.jpg 520w, https:\/\/www.senklerhof.de\/wp-content\/uploads\/2019\/10\/Arbeitswochenende-Okt2019-T\u00fcr-8-10-Zimmer-2-Web-740x1316.jpg 740w\" sizes=\"auto, (max-width: 169px) 100vw, 169px\" \/><\/p>\n<p>&nbsp;<\/p>\n<p>&nbsp;<\/p>\n<p>&nbsp;<\/p>\n<p>&nbsp;<\/p>\n<p>&nbsp;<\/p>\n<p>&nbsp;<\/p>\n<p>&nbsp;<\/p>\n<p>&nbsp;<\/p>\n<p>&nbsp;<\/p>\n<p>&nbsp;<\/p>\n<p>Auch im 3-Zimmer wurde eine neue Fluchtt\u00fcr eingebaut um eine direkte Flucht ins Freie zu gew\u00e4hrleisten. Zus\u00e4tzlich wurde eine Verbindungst\u00fcr zwischen dem 3-Zimmer und 4-Zimmer geschaffen um auch hier eine Flucht aus dem 4-Zimmer zu erm\u00f6glichen.<\/p>\n<p><img loading=\"lazy\" decoding=\"async\" class=\"size-medium wp-image-1100 alignleft\" src=\"http:\/\/www.senklerhof.de\/wp-content\/uploads\/2019\/10\/Arbeitswochenende-Okt2019-Fluchtt\u00fcr-Web-169x300.jpg\" alt=\"\" width=\"169\" height=\"300\" srcset=\"https:\/\/www.senklerhof.de\/wp-content\/uploads\/2019\/10\/Arbeitswochenende-Okt2019-Fluchtt\u00fcr-Web-169x300.jpg 169w, https:\/\/www.senklerhof.de\/wp-content\/uploads\/2019\/10\/Arbeitswochenende-Okt2019-Fluchtt\u00fcr-Web-768x1365.jpg 768w, https:\/\/www.senklerhof.de\/wp-content\/uploads\/2019\/10\/Arbeitswochenende-Okt2019-Fluchtt\u00fcr-Web-576x1024.jpg 576w, https:\/\/www.senklerhof.de\/wp-content\/uploads\/2019\/10\/Arbeitswochenende-Okt2019-Fluchtt\u00fcr-Web-520x924.jpg 520w, https:\/\/www.senklerhof.de\/wp-content\/uploads\/2019\/10\/Arbeitswochenende-Okt2019-Fluchtt\u00fcr-Web-740x1316.jpg 740w\" sizes=\"auto, (max-width: 169px) 100vw, 169px\" \/><img loading=\"lazy\" decoding=\"async\" class=\"size-medium wp-image-1099 alignleft\" src=\"http:\/\/www.senklerhof.de\/wp-content\/uploads\/2019\/10\/Arbeitswochenende-Okt2019-Baustelle-1OG-Web-300x169.jpg\" alt=\"\" width=\"300\" height=\"169\" srcset=\"https:\/\/www.senklerhof.de\/wp-content\/uploads\/2019\/10\/Arbeitswochenende-Okt2019-Baustelle-1OG-Web-300x169.jpg 300w, https:\/\/www.senklerhof.de\/wp-content\/uploads\/2019\/10\/Arbeitswochenende-Okt2019-Baustelle-1OG-Web-768x432.jpg 768w, https:\/\/www.senklerhof.de\/wp-content\/uploads\/2019\/10\/Arbeitswochenende-Okt2019-Baustelle-1OG-Web-1024x576.jpg 1024w, https:\/\/www.senklerhof.de\/wp-content\/uploads\/2019\/10\/Arbeitswochenende-Okt2019-Baustelle-1OG-Web-520x293.jpg 520w, https:\/\/www.senklerhof.de\/wp-content\/uploads\/2019\/10\/Arbeitswochenende-Okt2019-Baustelle-1OG-Web-740x416.jpg 740w\" sizes=\"auto, (max-width: 300px) 100vw, 300px\" \/><img loading=\"lazy\" decoding=\"async\" class=\"size-medium wp-image-1098 alignleft\" src=\"http:\/\/www.senklerhof.de\/wp-content\/uploads\/2019\/10\/Arbeitswochenende-Okt2019-T\u00fcr-3-4-Zimmer-Web-169x300.jpg\" alt=\"\" width=\"169\" height=\"300\" srcset=\"https:\/\/www.senklerhof.de\/wp-content\/uploads\/2019\/10\/Arbeitswochenende-Okt2019-T\u00fcr-3-4-Zimmer-Web-169x300.jpg 169w, https:\/\/www.senklerhof.de\/wp-content\/uploads\/2019\/10\/Arbeitswochenende-Okt2019-T\u00fcr-3-4-Zimmer-Web-768x1365.jpg 768w, https:\/\/www.senklerhof.de\/wp-content\/uploads\/2019\/10\/Arbeitswochenende-Okt2019-T\u00fcr-3-4-Zimmer-Web-576x1024.jpg 576w, https:\/\/www.senklerhof.de\/wp-content\/uploads\/2019\/10\/Arbeitswochenende-Okt2019-T\u00fcr-3-4-Zimmer-Web-520x924.jpg 520w, https:\/\/www.senklerhof.de\/wp-content\/uploads\/2019\/10\/Arbeitswochenende-Okt2019-T\u00fcr-3-4-Zimmer-Web-740x1316.jpg 740w\" sizes=\"auto, (max-width: 169px) 100vw, 169px\" \/><\/p>\n<p>&nbsp;<\/p>\n<p>&nbsp;<\/p>\n<p>&nbsp;<\/p>\n<p>&nbsp;<\/p>\n<p>&nbsp;<\/p>\n<p>&nbsp;<\/p>\n<p>&nbsp;<\/p>\n<p>&nbsp;<\/p>\n<p>&nbsp;<\/p>\n<p>&nbsp;<\/p>\n<p>Nat\u00fcrlich wurde der Senkler auch wieder gr\u00fcndlich gereinigt. Fenster geputzt, Vorh\u00e4nge und Bettenbez\u00fcge gewaschen, K\u00fcchenschr\u00e4nke komplett ausger\u00e4umt, gereinigt und alle K\u00fcchenutensilien gewaschen. Und noch vieles mehr.<\/p>\n<p>Das Holzlager ist wieder gef\u00fcllt. Der Holzvorrat sollte dank des erweiterten Lagers nun \u00fcber den Winter reichen. Der Schneer\u00e4umdienst wurde gekl\u00e4rt und neu beauftragt.<\/p>\n<p>Es hat allen glaube ich wieder sehr viel Spa\u00df gemacht und k\u00f6nnen zu recht auf das Geleistete stolz sein.<\/p>\n<p>An alle Helfer ein herzliches Danke sch\u00f6n.<\/p>\n","protected":false},"excerpt":{"rendered":"<p>Das Arbeitswochenende stand ganz im Zeichen die Fluchtwegsituation im 1. Stock zu verbessern. Die Fluchtwege m\u00fcssen so gestaltet sein, dass ein Fluchtweg nicht \u00fcber ein Treppenhaus f\u00fchrt. Daher wurde eine T\u00fcr zwischen dem 8-Bett Zimmer und 10-Bett Zimmer eingebaut um eine direkte Flucht zu erm\u00f6glichen.<a class=\"read-more\" href=\"https:\/\/www.senklerhof.de\/index.php\/2019\/10\/15\/arbeitswochenende-11-13-oktober-2019\/\">Weiterlesen<\/a><\/p>\n","protected":false},"author":4,"featured_media":0,"comment_status":"closed","ping_status":"open","sticky":false,"template":"","format":"standard","meta":{"ngg_post_thumbnail":0,"footnotes":""},"categories":[14],"tags":[],"class_list":["post-1092","post","type-post","status-publish","format-standard","hentry","category-arbeitswochenende"],"_links":{"self":[{"href":"https:\/\/www.senklerhof.de\/index.php\/wp-json\/wp\/v2\/posts\/1092","targetHints":{"allow":["GET"]}}],"collection":[{"href":"https:\/\/www.senklerhof.de\/index.php\/wp-json\/wp\/v2\/posts"}],"about":[{"href":"https:\/\/www.senklerhof.de\/index.php\/wp-json\/wp\/v2\/types\/post"}],"author":[{"embeddable":true,"href":"https:\/\/www.senklerhof.de\/index.php\/wp-json\/wp\/v2\/users\/4"}],"replies":[{"embeddable":true,"href":"https:\/\/www.senklerhof.de\/index.php\/wp-json\/wp\/v2\/comments?post=1092"}],"version-history":[{"count":12,"href":"https:\/\/www.senklerhof.de\/index.php\/wp-json\/wp\/v2\/posts\/1092\/revisions"}],"predecessor-version":[{"id":1109,"href":"https:\/\/www.senklerhof.de\/index.php\/wp-json\/wp\/v2\/posts\/1092\/revisions\/1109"}],"wp:attachment":[{"href":"https:\/\/www.senklerhof.de\/index.php\/wp-json\/wp\/v2\/media?parent=1092"}],"wp:term":[{"taxonomy":"category","embeddable":true,"href":"https:\/\/www.senklerhof.de\/index.php\/wp-json\/wp\/v2\/categories?post=1092"},{"taxonomy":"post_tag","embeddable":true,"href":"https:\/\/www.senklerhof.de\/index.php\/wp-json\/wp\/v2\/tags?post=1092"}],"curies":[{"name":"wp","href":"https:\/\/api.w.org\/{rel}","templated":true}]}}