{"id":1212,"date":"2020-06-16T20:35:20","date_gmt":"2020-06-16T19:35:20","guid":{"rendered":"http:\/\/www.senklerhof.de\/?p=1212"},"modified":"2021-06-07T16:59:23","modified_gmt":"2021-06-07T15:59:23","slug":"mitgliederinformation-15-juni-2020","status":"publish","type":"post","link":"https:\/\/www.senklerhof.de\/index.php\/2020\/06\/16\/mitgliederinformation-15-juni-2020\/","title":{"rendered":"Mitgliederinformation 16. Juni 2020"},"content":{"rendered":"<p>Liebe G\u00e4ste und Besucher des Senklerhofes,<\/p>\n<p>nun da sich die Lage bzgl. der Ausbreitung des Coronavirus sp\u00fcrbar entspannt hat und die Corona-Verordnung \u2013 CoronaVO in der aktuellen Fassung wieder uneingeschr\u00e4nkt Zusammenk\u00fcnfte bis zu 20 Personen im privaten Raum zul\u00e4sst, haben wir uns entschlossen <strong>den Senklerhof zum 1. Juli wieder zu \u00f6ffnen<\/strong>.<\/p>\n<p>Wir freuen uns auf Ihren Besuch auf dem Senkler.<\/p>\n<p>Die Gesch\u00e4ftsf\u00fchrerin<\/p>\n","protected":false},"excerpt":{"rendered":"<p>Liebe G\u00e4ste und Besucher des Senklerhofes, nun da sich die Lage bzgl. der Ausbreitung des Coronavirus sp\u00fcrbar entspannt hat und die Corona-Verordnung \u2013 CoronaVO in der aktuellen Fassung wieder uneingeschr\u00e4nkt Zusammenk\u00fcnfte bis zu 20 Personen im privaten Raum zul\u00e4sst, haben wir uns entschlossen den Senklerhof<a class=\"read-more\" href=\"https:\/\/www.senklerhof.de\/index.php\/2020\/06\/16\/mitgliederinformation-15-juni-2020\/\">Weiterlesen<\/a><\/p>\n","protected":false},"author":3,"featured_media":0,"comment_status":"closed","ping_status":"open","sticky":false,"template":"","format":"standard","meta":{"ngg_post_thumbnail":0,"footnotes":""},"categories":[18],"tags":[],"class_list":["post-1212","post","type-post","status-publish","format-standard","hentry","category-mitgliederinformation"],"_links":{"self":[{"href":"https:\/\/www.senklerhof.de\/index.php\/wp-json\/wp\/v2\/posts\/1212","targetHints":{"allow":["GET"]}}],"collection":[{"href":"https:\/\/www.senklerhof.de\/index.php\/wp-json\/wp\/v2\/posts"}],"about":[{"href":"https:\/\/www.senklerhof.de\/index.php\/wp-json\/wp\/v2\/types\/post"}],"author":[{"embeddable":true,"href":"https:\/\/www.senklerhof.de\/index.php\/wp-json\/wp\/v2\/users\/3"}],"replies":[{"embeddable":true,"href":"https:\/\/www.senklerhof.de\/index.php\/wp-json\/wp\/v2\/comments?post=1212"}],"version-history":[{"count":4,"href":"https:\/\/www.senklerhof.de\/index.php\/wp-json\/wp\/v2\/posts\/1212\/revisions"}],"predecessor-version":[{"id":1216,"href":"https:\/\/www.senklerhof.de\/index.php\/wp-json\/wp\/v2\/posts\/1212\/revisions\/1216"}],"wp:attachment":[{"href":"https:\/\/www.senklerhof.de\/index.php\/wp-json\/wp\/v2\/media?parent=1212"}],"wp:term":[{"taxonomy":"category","embeddable":true,"href":"https:\/\/www.senklerhof.de\/index.php\/wp-json\/wp\/v2\/categories?post=1212"},{"taxonomy":"post_tag","embeddable":true,"href":"https:\/\/www.senklerhof.de\/index.php\/wp-json\/wp\/v2\/tags?post=1212"}],"curies":[{"name":"wp","href":"https:\/\/api.w.org\/{rel}","templated":true}]}}