{"id":1316,"date":"2020-08-10T07:46:15","date_gmt":"2020-08-10T06:46:15","guid":{"rendered":"http:\/\/www.senklerhof.de\/?p=1316"},"modified":"2021-06-07T16:59:09","modified_gmt":"2021-06-07T15:59:09","slug":"mitgliderinformation-10-august-2020","status":"publish","type":"post","link":"https:\/\/www.senklerhof.de\/index.php\/2020\/08\/10\/mitgliderinformation-10-august-2020\/","title":{"rendered":"Mitgliederinformation 10. August 2020"},"content":{"rendered":"<p>Liebe Freundinnen und Freunde des Senklerhofs!<\/p>\r\n<h1><!-- \/wp:post-content -->\r\n\r\n<!-- wp:paragraph --><\/h1>\r\n<p>Der Senkler ist f\u00fcr den Rest des <strong>Jahres 2020 an den Wochenenden<\/strong> so gut wie ausgebucht.<\/p>\r\n<h1><!-- \/wp:paragraph -->\r\n\r\n<!-- wp:paragraph --><\/h1>\r\n<p>Trotz allem ist kurzfristig ein <strong>Wochenende vom 21. &#8211; 23. August<\/strong> frei geworden. Wer ein sch\u00f6nes Wochenende verbringen m\u00f6chte kann sich gerne bei mir melden. Das Wochenende kann auch <strong>verl\u00e4gert werden vom 20. bis zum 24. August<\/strong>.<\/p>\r\n<h1><!-- \/wp:paragraph -->\r\n\r\n<!-- wp:paragraph --><\/h1>\r\n<p>Die Gesch\u00e4ftsf\u00fchrerin<\/p>","protected":false},"excerpt":{"rendered":"<p>Liebe Freundinnen und Freunde des Senklerhofs! Der Senkler ist f\u00fcr den Rest des Jahres 2020 an den Wochenenden so gut wie ausgebucht. Trotz allem ist kurzfristig ein Wochenende vom 21. &#8211; 23. August frei geworden. Wer ein sch\u00f6nes Wochenende verbringen m\u00f6chte kann sich gerne bei<a class=\"read-more\" href=\"https:\/\/www.senklerhof.de\/index.php\/2020\/08\/10\/mitgliderinformation-10-august-2020\/\">Weiterlesen<\/a><\/p>\n","protected":false},"author":3,"featured_media":0,"comment_status":"closed","ping_status":"open","sticky":false,"template":"","format":"standard","meta":{"ngg_post_thumbnail":0,"footnotes":""},"categories":[18],"tags":[],"class_list":["post-1316","post","type-post","status-publish","format-standard","hentry","category-mitgliederinformation"],"_links":{"self":[{"href":"https:\/\/www.senklerhof.de\/index.php\/wp-json\/wp\/v2\/posts\/1316","targetHints":{"allow":["GET"]}}],"collection":[{"href":"https:\/\/www.senklerhof.de\/index.php\/wp-json\/wp\/v2\/posts"}],"about":[{"href":"https:\/\/www.senklerhof.de\/index.php\/wp-json\/wp\/v2\/types\/post"}],"author":[{"embeddable":true,"href":"https:\/\/www.senklerhof.de\/index.php\/wp-json\/wp\/v2\/users\/3"}],"replies":[{"embeddable":true,"href":"https:\/\/www.senklerhof.de\/index.php\/wp-json\/wp\/v2\/comments?post=1316"}],"version-history":[{"count":4,"href":"https:\/\/www.senklerhof.de\/index.php\/wp-json\/wp\/v2\/posts\/1316\/revisions"}],"predecessor-version":[{"id":1340,"href":"https:\/\/www.senklerhof.de\/index.php\/wp-json\/wp\/v2\/posts\/1316\/revisions\/1340"}],"wp:attachment":[{"href":"https:\/\/www.senklerhof.de\/index.php\/wp-json\/wp\/v2\/media?parent=1316"}],"wp:term":[{"taxonomy":"category","embeddable":true,"href":"https:\/\/www.senklerhof.de\/index.php\/wp-json\/wp\/v2\/categories?post=1316"},{"taxonomy":"post_tag","embeddable":true,"href":"https:\/\/www.senklerhof.de\/index.php\/wp-json\/wp\/v2\/tags?post=1316"}],"curies":[{"name":"wp","href":"https:\/\/api.w.org\/{rel}","templated":true}]}}