{"id":1381,"date":"2020-10-29T21:36:40","date_gmt":"2020-10-29T20:36:40","guid":{"rendered":"http:\/\/www.senklerhof.de\/?p=1381"},"modified":"2021-06-07T16:57:15","modified_gmt":"2021-06-07T15:57:15","slug":"mitgliederinformation-29-oktober-2020","status":"publish","type":"post","link":"https:\/\/www.senklerhof.de\/index.php\/2020\/10\/29\/mitgliederinformation-29-oktober-2020\/","title":{"rendered":"Mitgliederinformation 29. Oktober 2020"},"content":{"rendered":"<p>Auf Grund der vom Bund und den L\u00e4ndern f\u00fcr den November beschlossenen versch\u00e4rften Corona-Ma\u00dfnahmen, werden wir den Senklerhof vom 2. November an wieder schlie\u00dfen. Deshalb sagen wir alle Buchungen f\u00fcr den November ab.<\/p>\n<p>Abstand halten und Kontakte verringern sind die wichtigsten Ma\u00dfnahmen, um die stark steigenden Corona-Infektionszahlen zu reduzieren. Mit der Schlie\u00dfung des Senklerhofes tragen wir dazu bei, die Kontakte auf ein absolut n\u00f6tiges Minimum zu begrenzen.<\/p>\n<p>Wir werden uns rechtzeitig mit euch in Verbindung setzten, sobald eine \u00d6ffnung des Senklerhofes wieder angemessen ist.<\/p>\n<p>Die Gesch\u00e4ftsf\u00fchrerin<\/p>\n","protected":false},"excerpt":{"rendered":"<p>Auf Grund der vom Bund und den L\u00e4ndern f\u00fcr den November beschlossenen versch\u00e4rften Corona-Ma\u00dfnahmen, werden wir den Senklerhof vom 2. November an wieder schlie\u00dfen. Deshalb sagen wir alle Buchungen f\u00fcr den November ab. Abstand halten und Kontakte verringern sind die wichtigsten Ma\u00dfnahmen, um die stark<a class=\"read-more\" href=\"https:\/\/www.senklerhof.de\/index.php\/2020\/10\/29\/mitgliederinformation-29-oktober-2020\/\">Weiterlesen<\/a><\/p>\n","protected":false},"author":3,"featured_media":0,"comment_status":"closed","ping_status":"open","sticky":false,"template":"","format":"standard","meta":{"ngg_post_thumbnail":0,"footnotes":""},"categories":[18],"tags":[],"class_list":["post-1381","post","type-post","status-publish","format-standard","hentry","category-mitgliederinformation"],"_links":{"self":[{"href":"https:\/\/www.senklerhof.de\/index.php\/wp-json\/wp\/v2\/posts\/1381","targetHints":{"allow":["GET"]}}],"collection":[{"href":"https:\/\/www.senklerhof.de\/index.php\/wp-json\/wp\/v2\/posts"}],"about":[{"href":"https:\/\/www.senklerhof.de\/index.php\/wp-json\/wp\/v2\/types\/post"}],"author":[{"embeddable":true,"href":"https:\/\/www.senklerhof.de\/index.php\/wp-json\/wp\/v2\/users\/3"}],"replies":[{"embeddable":true,"href":"https:\/\/www.senklerhof.de\/index.php\/wp-json\/wp\/v2\/comments?post=1381"}],"version-history":[{"count":7,"href":"https:\/\/www.senklerhof.de\/index.php\/wp-json\/wp\/v2\/posts\/1381\/revisions"}],"predecessor-version":[{"id":1659,"href":"https:\/\/www.senklerhof.de\/index.php\/wp-json\/wp\/v2\/posts\/1381\/revisions\/1659"}],"wp:attachment":[{"href":"https:\/\/www.senklerhof.de\/index.php\/wp-json\/wp\/v2\/media?parent=1381"}],"wp:term":[{"taxonomy":"category","embeddable":true,"href":"https:\/\/www.senklerhof.de\/index.php\/wp-json\/wp\/v2\/categories?post=1381"},{"taxonomy":"post_tag","embeddable":true,"href":"https:\/\/www.senklerhof.de\/index.php\/wp-json\/wp\/v2\/tags?post=1381"}],"curies":[{"name":"wp","href":"https:\/\/api.w.org\/{rel}","templated":true}]}}