{"id":1649,"date":"2021-03-07T20:51:37","date_gmt":"2021-03-07T19:51:37","guid":{"rendered":"http:\/\/www.senklerhof.de\/?p=1649"},"modified":"2021-06-07T16:55:09","modified_gmt":"2021-06-07T15:55:09","slug":"arbeitswochenende-5-7-maerz-2021","status":"publish","type":"post","link":"https:\/\/www.senklerhof.de\/index.php\/2021\/03\/07\/arbeitswochenende-5-7-maerz-2021\/","title":{"rendered":"Arbeitswochenende 5.-7. M\u00e4rz 2021"},"content":{"rendered":"<p>Auf Grund der coronabedingten Senklerschlie\u00dfung hat ein sehr eingeschr\u00e4nktes Arbeitswochenende mit nur zwei Haushalten stattgefunden.<\/p>\n<p>Im Wesentlichen wurde der Dachbereich leerger\u00e4umt und f\u00fcr die Dachsanierung vorbereitet.<\/p>\n<p>Kleinere Reparaturen wurden durchgef\u00fchrt, die Rauchmelder \u00fcberpr\u00fcft und die K\u00fcche gereinigt.<\/p>\n<p>An die wenigen Helfer \ud83d\ude42 ein herzliches Dankesch\u00f6n.<\/p>\n","protected":false},"excerpt":{"rendered":"<p>Auf Grund der coronabedingten Senklerschlie\u00dfung hat ein sehr eingeschr\u00e4nktes Arbeitswochenende mit nur zwei Haushalten stattgefunden. Im Wesentlichen wurde der Dachbereich leerger\u00e4umt und f\u00fcr die Dachsanierung vorbereitet. Kleinere Reparaturen wurden durchgef\u00fchrt, die Rauchmelder \u00fcberpr\u00fcft und die K\u00fcche gereinigt. An die wenigen Helfer \ud83d\ude42 ein herzliches Dankesch\u00f6n.<\/p>\n","protected":false},"author":4,"featured_media":0,"comment_status":"closed","ping_status":"open","sticky":false,"template":"","format":"standard","meta":{"ngg_post_thumbnail":0,"footnotes":""},"categories":[14],"tags":[],"class_list":["post-1649","post","type-post","status-publish","format-standard","hentry","category-arbeitswochenende"],"_links":{"self":[{"href":"https:\/\/www.senklerhof.de\/index.php\/wp-json\/wp\/v2\/posts\/1649","targetHints":{"allow":["GET"]}}],"collection":[{"href":"https:\/\/www.senklerhof.de\/index.php\/wp-json\/wp\/v2\/posts"}],"about":[{"href":"https:\/\/www.senklerhof.de\/index.php\/wp-json\/wp\/v2\/types\/post"}],"author":[{"embeddable":true,"href":"https:\/\/www.senklerhof.de\/index.php\/wp-json\/wp\/v2\/users\/4"}],"replies":[{"embeddable":true,"href":"https:\/\/www.senklerhof.de\/index.php\/wp-json\/wp\/v2\/comments?post=1649"}],"version-history":[{"count":3,"href":"https:\/\/www.senklerhof.de\/index.php\/wp-json\/wp\/v2\/posts\/1649\/revisions"}],"predecessor-version":[{"id":1652,"href":"https:\/\/www.senklerhof.de\/index.php\/wp-json\/wp\/v2\/posts\/1649\/revisions\/1652"}],"wp:attachment":[{"href":"https:\/\/www.senklerhof.de\/index.php\/wp-json\/wp\/v2\/media?parent=1649"}],"wp:term":[{"taxonomy":"category","embeddable":true,"href":"https:\/\/www.senklerhof.de\/index.php\/wp-json\/wp\/v2\/categories?post=1649"},{"taxonomy":"post_tag","embeddable":true,"href":"https:\/\/www.senklerhof.de\/index.php\/wp-json\/wp\/v2\/tags?post=1649"}],"curies":[{"name":"wp","href":"https:\/\/api.w.org\/{rel}","templated":true}]}}