{"id":1719,"date":"2021-05-18T18:24:27","date_gmt":"2021-05-18T17:24:27","guid":{"rendered":"https:\/\/www.senklerhof.de\/?p=1719"},"modified":"2021-06-07T16:54:27","modified_gmt":"2021-06-07T15:54:27","slug":"senklerinformation-18-mai-2021","status":"publish","type":"post","link":"https:\/\/www.senklerhof.de\/index.php\/2021\/05\/18\/senklerinformation-18-mai-2021\/","title":{"rendered":"Senklerinformation 18. Mai 2021"},"content":{"rendered":"<p>Liebe Freundinnen und Freunde des Senklerhofs ,<\/p>\n<p>schon zu Beginn der Woche hat das Landratsamt Breisgau-Hochschwarzwald festgestellt, dass die 7-Tages-Inzidenz im Landkreis unter 100 liegt. Somit ist die \u00d6ffnung von Beherbergungsbetrieben (wie Hotels, Pensionen, Ferienwohnungen, Campingpl\u00e4tze) mit Hygienekonzept und entsprechender Kontaktdokumentation wieder erlaubt. Dar\u00fcber hinaus wurde heute vom Landratsamt Breisgau-Hochschwarzwald eine 7-Tages-Inzidenz im Landkreis unter 50 festgestellt, somit d\u00fcrfen sich im privaten und \u00f6ffentlichen Raum wieder 10 Personen aus bis zu 3 Haushalten treffen, wobei Kinder dieser Haushalte bis einschlie\u00dflich 13 Jahre, vollst\u00e4ndig geimpfte und genesene Personen nicht mitgez\u00e4hlt werden. Alle nicht vollst\u00e4ndig geimpften und genesenen Personen m\u00fcssen vor dem Besuch des \u201eBeherbergungsbetriebs\u201c einen negativen Corona-Schnelltest vorweisen.<\/p>\n<p><a href=\"https:\/\/www.baden-wuerttemberg.de\/fileadmin\/redaktion\/dateien\/PDF\/Coronainfos\/210513_auf_einen_Blick.pdf\" target=\"_blank\" rel=\"noopener\">Ma\u00dfnahmen zur Pandemiebek\u00e4mpfung auf einen Blick<\/a><\/p>\n<p style=\"background: white; margin: 0cm 0cm 7.5pt 0cm;\"><span style=\"font-size: 10.5pt; font-family: 'Arial',sans-serif; color: #717376;\">Wir haben uns entschlossen, den Senklerhof unter diesen Bedingungen wieder zu \u00f6ffnen und freuen uns sehr dar\u00fcber. Wir werden uns mit den G\u00e4sten, die eine Reservierung f\u00fcr die n\u00e4chsten Wochen haben, in Verbindung setzen und kl\u00e4ren, ob unter den oben genannten Bedingungen ein Aufenthalt m\u00f6glich und gew\u00fcnscht ist und die Reservierung in Anspruch genommen wird.<\/span><\/p>\n<p style=\"background: white; box-sizing: border-box; font-variant-ligatures: normal; font-variant-caps: normal; orphans: 2; text-align: start; widows: 2; -webkit-text-stroke-width: 0px; text-decoration-thickness: initial; text-decoration-style: initial; text-decoration-color: initial; word-spacing: 0px; margin: 0cm 0cm 7.5pt 0cm;\"><span style=\"font-size: 10.5pt; font-family: 'Arial',sans-serif; color: #717376;\">Herzliche Gr\u00fc\u00dfe<\/span><\/p>\n<p style=\"background: white; box-sizing: border-box; font-variant-ligatures: normal; font-variant-caps: normal; orphans: 2; text-align: start; widows: 2; -webkit-text-stroke-width: 0px; text-decoration-thickness: initial; text-decoration-style: initial; text-decoration-color: initial; word-spacing: 0px; margin: 0cm 0cm 7.5pt 0cm;\"><span style=\"font-size: 10.5pt; font-family: 'Arial',sans-serif; color: #717376;\">Senklerhof-Team<\/span><\/p>\n","protected":false},"excerpt":{"rendered":"<p>Liebe Freundinnen und Freunde des Senklerhofs , schon zu Beginn der Woche hat das Landratsamt Breisgau-Hochschwarzwald festgestellt, dass die 7-Tages-Inzidenz im Landkreis unter 100 liegt. Somit ist die \u00d6ffnung von Beherbergungsbetrieben (wie Hotels, Pensionen, Ferienwohnungen, Campingpl\u00e4tze) mit Hygienekonzept und entsprechender Kontaktdokumentation wieder erlaubt. Dar\u00fcber hinaus<a class=\"read-more\" href=\"https:\/\/www.senklerhof.de\/index.php\/2021\/05\/18\/senklerinformation-18-mai-2021\/\">Weiterlesen<\/a><\/p>\n","protected":false},"author":3,"featured_media":0,"comment_status":"closed","ping_status":"open","sticky":false,"template":"","format":"standard","meta":{"ngg_post_thumbnail":0,"footnotes":""},"categories":[16],"tags":[],"class_list":["post-1719","post","type-post","status-publish","format-standard","hentry","category-senklerinformation"],"_links":{"self":[{"href":"https:\/\/www.senklerhof.de\/index.php\/wp-json\/wp\/v2\/posts\/1719","targetHints":{"allow":["GET"]}}],"collection":[{"href":"https:\/\/www.senklerhof.de\/index.php\/wp-json\/wp\/v2\/posts"}],"about":[{"href":"https:\/\/www.senklerhof.de\/index.php\/wp-json\/wp\/v2\/types\/post"}],"author":[{"embeddable":true,"href":"https:\/\/www.senklerhof.de\/index.php\/wp-json\/wp\/v2\/users\/3"}],"replies":[{"embeddable":true,"href":"https:\/\/www.senklerhof.de\/index.php\/wp-json\/wp\/v2\/comments?post=1719"}],"version-history":[{"count":7,"href":"https:\/\/www.senklerhof.de\/index.php\/wp-json\/wp\/v2\/posts\/1719\/revisions"}],"predecessor-version":[{"id":1726,"href":"https:\/\/www.senklerhof.de\/index.php\/wp-json\/wp\/v2\/posts\/1719\/revisions\/1726"}],"wp:attachment":[{"href":"https:\/\/www.senklerhof.de\/index.php\/wp-json\/wp\/v2\/media?parent=1719"}],"wp:term":[{"taxonomy":"category","embeddable":true,"href":"https:\/\/www.senklerhof.de\/index.php\/wp-json\/wp\/v2\/categories?post=1719"},{"taxonomy":"post_tag","embeddable":true,"href":"https:\/\/www.senklerhof.de\/index.php\/wp-json\/wp\/v2\/tags?post=1719"}],"curies":[{"name":"wp","href":"https:\/\/api.w.org\/{rel}","templated":true}]}}