{"id":1745,"date":"2021-05-11T21:01:56","date_gmt":"2021-05-11T20:01:56","guid":{"rendered":"https:\/\/www.senklerhof.de\/?p=1745"},"modified":"2021-06-07T17:03:24","modified_gmt":"2021-06-07T16:03:24","slug":"vorstandssitzung-11-mai-2021-2","status":"publish","type":"post","link":"https:\/\/www.senklerhof.de\/index.php\/2021\/05\/11\/vorstandssitzung-11-mai-2021-2\/","title":{"rendered":"Vorstandssitzung 11. Mai 2021"},"content":{"rendered":"<p>Am 11. M\u00e4rz hat sich der Vorstand erneut zu einer erweiterten Vorstandssitzung getroffen.<\/p>\n<p>Wie schon das ganze Jahr war die anstehende Dachsanierung das zentrale Thema.<\/p>\n<p>Folgende Themen wurden besprochen:<\/p>\n<ul>\n<li>Top1 Dachsanierung \u2013 Spendenstand\n<ul>\n<li>Aktuell liegt der Spendenstand bei ~7300\u20ac somit ~74% der Dachfl\u00e4che.<\/li>\n<\/ul>\n<\/li>\n<li>Top2 Dachsanierung \u2013 Arbeitsplan\n<ul>\n<li>Aktuell haben wir ausreichend feste Zusagen von Helfern.<\/li>\n<li>Gef\u00e4hrdungsbeurteilung und Merkblatt f\u00fcr Helfer wurde diskutiert.<\/li>\n<\/ul>\n<\/li>\n<li>Top3 Dachsanierung \u2013 Finanzierung\n<ul>\n<li>Preissteigerung des Bauholzes wurde diskutiert.<\/li>\n<\/ul>\n<\/li>\n<li>Top4 Dachsanierung \u2013 Aufgaben\n<ul>\n<li>Im April fand ein Vororttermin mit Netze BW und dem beauftragten Elektrofachbetrieb statt um den R\u00fcckbau des Dachst\u00e4nders zu besprechen.<\/li>\n<li>Der R\u00fcckbau des Dachst\u00e4nders, Erstellung des Baustromanschlusses und Einspeisung des Senklerhofes findet am 16. August statt.<\/li>\n<\/ul>\n<\/li>\n<li>Top5 Versicherungen\n<ul>\n<li>Eine Begutachtung des Senklerhofes zur Wertermittlung (Wert 1914) fand im April durch einen Sachverst\u00e4ndigen statt.<\/li>\n<\/ul>\n<\/li>\n<li>Top6 Arbeitswochenenden\n<ul>\n<li>Es wurde \u00fcber die Durchf\u00fchrung der Arbeitswochenenden berichtet.<\/li>\n<li>Die Kaminsanierung wird vor dem R\u00fcckbau des Dachstuhles Mitte Juli durchgef\u00fchrt.<\/li>\n<\/ul>\n<\/li>\n<li>Top7 K\u00f6rperschaftssteuererkl\u00e4rung\n<ul>\n<li>K\u00f6rperschaftssteuererkl\u00e4rung f\u00fcr die Feststellung der Gemeinn\u00fctzigkeit wurde erstellt und an das Finanzamt \u00fcbermittelt.<\/li>\n<\/ul>\n<\/li>\n<li>Top8 Belegung\n<ul>\n<li>Corona-Situation, m\u00f6gliche Lockerungen und Wiederer\u00f6ffnung des Senklerhofes wurde diskutiert.<\/li>\n<\/ul>\n<\/li>\n<\/ul>\n<p>Der Vorstand<\/p>\n","protected":false},"excerpt":{"rendered":"<p>Am 11. M\u00e4rz hat sich der Vorstand erneut zu einer erweiterten Vorstandssitzung getroffen. Wie schon das ganze Jahr war die anstehende Dachsanierung das zentrale Thema. Folgende Themen wurden besprochen: Top1 Dachsanierung \u2013 Spendenstand Aktuell liegt der Spendenstand bei ~7300\u20ac somit ~74% der Dachfl\u00e4che. Top2 Dachsanierung<a class=\"read-more\" href=\"https:\/\/www.senklerhof.de\/index.php\/2021\/05\/11\/vorstandssitzung-11-mai-2021-2\/\">Weiterlesen<\/a><\/p>\n","protected":false},"author":2,"featured_media":0,"comment_status":"closed","ping_status":"open","sticky":false,"template":"","format":"standard","meta":{"ngg_post_thumbnail":0,"footnotes":""},"categories":[17],"tags":[],"class_list":["post-1745","post","type-post","status-publish","format-standard","hentry","category-vorstandssitzung"],"_links":{"self":[{"href":"https:\/\/www.senklerhof.de\/index.php\/wp-json\/wp\/v2\/posts\/1745","targetHints":{"allow":["GET"]}}],"collection":[{"href":"https:\/\/www.senklerhof.de\/index.php\/wp-json\/wp\/v2\/posts"}],"about":[{"href":"https:\/\/www.senklerhof.de\/index.php\/wp-json\/wp\/v2\/types\/post"}],"author":[{"embeddable":true,"href":"https:\/\/www.senklerhof.de\/index.php\/wp-json\/wp\/v2\/users\/2"}],"replies":[{"embeddable":true,"href":"https:\/\/www.senklerhof.de\/index.php\/wp-json\/wp\/v2\/comments?post=1745"}],"version-history":[{"count":1,"href":"https:\/\/www.senklerhof.de\/index.php\/wp-json\/wp\/v2\/posts\/1745\/revisions"}],"predecessor-version":[{"id":1746,"href":"https:\/\/www.senklerhof.de\/index.php\/wp-json\/wp\/v2\/posts\/1745\/revisions\/1746"}],"wp:attachment":[{"href":"https:\/\/www.senklerhof.de\/index.php\/wp-json\/wp\/v2\/media?parent=1745"}],"wp:term":[{"taxonomy":"category","embeddable":true,"href":"https:\/\/www.senklerhof.de\/index.php\/wp-json\/wp\/v2\/categories?post=1745"},{"taxonomy":"post_tag","embeddable":true,"href":"https:\/\/www.senklerhof.de\/index.php\/wp-json\/wp\/v2\/tags?post=1745"}],"curies":[{"name":"wp","href":"https:\/\/api.w.org\/{rel}","templated":true}]}}