{"id":1799,"date":"2021-06-28T20:22:22","date_gmt":"2021-06-28T19:22:22","guid":{"rendered":"https:\/\/www.senklerhof.de\/?p=1799"},"modified":"2021-08-03T18:35:11","modified_gmt":"2021-08-03T17:35:11","slug":"senklerinfoirmation-28-jumi-2021","status":"publish","type":"post","link":"https:\/\/www.senklerhof.de\/index.php\/2021\/06\/28\/senklerinfoirmation-28-jumi-2021\/","title":{"rendered":"Senklerinformation 28. Juni 2021"},"content":{"rendered":"<p>Liebe Freundinnen und Freunde des Senklerhofs,<\/p>\n<p>auf Grund der neu erlassenen <a href=\"https:\/\/www.baden-wuerttemberg.de\/de\/service\/aktuelle-infos-zu-corona\/aktuelle-corona-verordnung-des-landes-baden-wuerttemberg\/\">Corona-Verordnung<\/a> des Landes Baden-W\u00fcrttemberg d\u00fcrfen sich bei einem Inzidenzwert von unter 10 wieder 25 Personen aus beliebig vielen Haushalten treffen. F\u00fcr den Landkreis Breisgau-Hochschwarzwald ist dies der Fall, somit kann der Senklerhof wieder uneingeschr\u00e4nkt f\u00fcr die maximale Personenzahl von 25 Besucher genutzt werden. Es entf\u00e4llt somit auch der Nachweis der &#8222;3G&#8220; Getestet, Geimpft oder Genesen. Die Erfassung der Besucherdaten bleibt bestehen und die Hygieneregeln, gem\u00e4\u00df des Hygienekonzepts auf dem Senklerhof, m\u00fcssen weiterhin befolgt werden.<\/p>\n<p><a href=\"https:\/\/www.baden-wuerttemberg.de\/fileadmin\/redaktion\/dateien\/PDF\/Coronainfos\/210625_Auf_einen_Blick_DE.pdf\" target=\"_blank\" rel=\"noopener\">Lockerungen mit vier Inzidenzstufen<\/a><\/p>\n<p><img loading=\"lazy\" decoding=\"async\" class=\"wp-image-1808 size-large aligncenter\" src=\"https:\/\/www.senklerhof.de\/wp-content\/uploads\/2021\/07\/Corona-Verordnung-Jun2021-Lockerungen-1024x691.png\" alt=\"\" width=\"1024\" height=\"691\" srcset=\"https:\/\/www.senklerhof.de\/wp-content\/uploads\/2021\/07\/Corona-Verordnung-Jun2021-Lockerungen-1024x691.png 1024w, https:\/\/www.senklerhof.de\/wp-content\/uploads\/2021\/07\/Corona-Verordnung-Jun2021-Lockerungen-300x203.png 300w, https:\/\/www.senklerhof.de\/wp-content\/uploads\/2021\/07\/Corona-Verordnung-Jun2021-Lockerungen-768x518.png 768w, https:\/\/www.senklerhof.de\/wp-content\/uploads\/2021\/07\/Corona-Verordnung-Jun2021-Lockerungen-520x351.png 520w, https:\/\/www.senklerhof.de\/wp-content\/uploads\/2021\/07\/Corona-Verordnung-Jun2021-Lockerungen-740x500.png 740w, https:\/\/www.senklerhof.de\/wp-content\/uploads\/2021\/07\/Corona-Verordnung-Jun2021-Lockerungen.png 1148w\" sizes=\"auto, (max-width: 1024px) 100vw, 1024px\" \/><\/p>\n<p>Herzliche Gr\u00fc\u00dfe<\/p>\n<p>Senklerhof-Team<\/p>\n","protected":false},"excerpt":{"rendered":"<p>Liebe Freundinnen und Freunde des Senklerhofs, auf Grund der neu erlassenen Corona-Verordnung des Landes Baden-W\u00fcrttemberg d\u00fcrfen sich bei einem Inzidenzwert von unter 10 wieder 25 Personen aus beliebig vielen Haushalten treffen. F\u00fcr den Landkreis Breisgau-Hochschwarzwald ist dies der Fall, somit kann der Senklerhof wieder uneingeschr\u00e4nkt<a class=\"read-more\" href=\"https:\/\/www.senklerhof.de\/index.php\/2021\/06\/28\/senklerinfoirmation-28-jumi-2021\/\">Weiterlesen<\/a><\/p>\n","protected":false},"author":3,"featured_media":0,"comment_status":"closed","ping_status":"open","sticky":false,"template":"","format":"standard","meta":{"ngg_post_thumbnail":0,"footnotes":""},"categories":[16],"tags":[],"class_list":["post-1799","post","type-post","status-publish","format-standard","hentry","category-senklerinformation"],"_links":{"self":[{"href":"https:\/\/www.senklerhof.de\/index.php\/wp-json\/wp\/v2\/posts\/1799","targetHints":{"allow":["GET"]}}],"collection":[{"href":"https:\/\/www.senklerhof.de\/index.php\/wp-json\/wp\/v2\/posts"}],"about":[{"href":"https:\/\/www.senklerhof.de\/index.php\/wp-json\/wp\/v2\/types\/post"}],"author":[{"embeddable":true,"href":"https:\/\/www.senklerhof.de\/index.php\/wp-json\/wp\/v2\/users\/3"}],"replies":[{"embeddable":true,"href":"https:\/\/www.senklerhof.de\/index.php\/wp-json\/wp\/v2\/comments?post=1799"}],"version-history":[{"count":13,"href":"https:\/\/www.senklerhof.de\/index.php\/wp-json\/wp\/v2\/posts\/1799\/revisions"}],"predecessor-version":[{"id":1910,"href":"https:\/\/www.senklerhof.de\/index.php\/wp-json\/wp\/v2\/posts\/1799\/revisions\/1910"}],"wp:attachment":[{"href":"https:\/\/www.senklerhof.de\/index.php\/wp-json\/wp\/v2\/media?parent=1799"}],"wp:term":[{"taxonomy":"category","embeddable":true,"href":"https:\/\/www.senklerhof.de\/index.php\/wp-json\/wp\/v2\/categories?post=1799"},{"taxonomy":"post_tag","embeddable":true,"href":"https:\/\/www.senklerhof.de\/index.php\/wp-json\/wp\/v2\/tags?post=1799"}],"curies":[{"name":"wp","href":"https:\/\/api.w.org\/{rel}","templated":true}]}}