{"id":1830,"date":"2021-07-01T21:27:12","date_gmt":"2021-07-01T20:27:12","guid":{"rendered":"https:\/\/www.senklerhof.de\/?p=1830"},"modified":"2021-07-04T15:29:25","modified_gmt":"2021-07-04T14:29:25","slug":"senklerinformation-01-juli-2021","status":"publish","type":"post","link":"https:\/\/www.senklerhof.de\/index.php\/2021\/07\/01\/senklerinformation-01-juli-2021\/","title":{"rendered":"Senklerinformation 01. Juli 2021"},"content":{"rendered":"<p>Liebe Mitglieder und Freunde des Senklerhofes,<\/p>\n<p>auch wir das Senklerhof-Team sind uns unserer Verantwortung f\u00fcr die Umwelt bewusst und beziehen daher schon seit vielen Jahren den Strom f\u00fcr den Senklerhof von den <a href=\"https:\/\/www.ews-schoenau.de\/\" target=\"_blank\" rel=\"noopener\">Elektrizit\u00e4tswerken Sch\u00f6nau<\/a>. Um dies auch unseren Besuchern bewusst zu machen und entsprechend zu informieren haben wir uns von den Elektrizit\u00e4tswerken Sch\u00f6nau bescheinigen lassen, dass wir klimaschonenden \u00d6kostrom aus 100% Erneuerbaren Energien verbrauchen.<\/p>\n<p><img loading=\"lazy\" decoding=\"async\" class=\"aligncenter wp-image-1819 size-full\" src=\"https:\/\/www.senklerhof.de\/wp-content\/uploads\/2021\/07\/Elektrizitaeswerke-Schoenau-Oekostrom-Zertifikat.png\" alt=\"\" width=\"572\" height=\"825\" srcset=\"https:\/\/www.senklerhof.de\/wp-content\/uploads\/2021\/07\/Elektrizitaeswerke-Schoenau-Oekostrom-Zertifikat.png 572w, https:\/\/www.senklerhof.de\/wp-content\/uploads\/2021\/07\/Elektrizitaeswerke-Schoenau-Oekostrom-Zertifikat-208x300.png 208w, https:\/\/www.senklerhof.de\/wp-content\/uploads\/2021\/07\/Elektrizitaeswerke-Schoenau-Oekostrom-Zertifikat-520x750.png 520w\" sizes=\"auto, (max-width: 572px) 100vw, 572px\" \/><\/p>\n<p><a href=\"https:\/\/www.senklerhof.de\/wp-content\/uploads\/2021\/07\/Senklerhof-O\u0308kostrom-Zertifikat.pdf\" target=\"_blank\" rel=\"noopener\">Senklerhof &#8211; O\u0308kostrom Zertifikat<\/a><\/p>\n<p>An der zentralen Stromeinschaltung gegen\u00fcber der Haust\u00fcr haben wir das Zertifikat angebracht und in der gro\u00dfen Stube beim B\u00fccherangebot haben wir Informationsmaterial zum Klimawandel und der Elektrizit\u00e4tswerke Sch\u00f6nau ausgelegt. Interessierte d\u00fcrfen das Informationsmaterial auch gerne mitnehmen.<\/p>\n<p>Herzliche Gr\u00fc\u00dfe<\/p>\n<p>Senklerhof-Team<\/p>\n","protected":false},"excerpt":{"rendered":"<p>Liebe Mitglieder und Freunde des Senklerhofes, auch wir das Senklerhof-Team sind uns unserer Verantwortung f\u00fcr die Umwelt bewusst und beziehen daher schon seit vielen Jahren den Strom f\u00fcr den Senklerhof von den Elektrizit\u00e4tswerken Sch\u00f6nau. Um dies auch unseren Besuchern bewusst zu machen und entsprechend zu<a class=\"read-more\" href=\"https:\/\/www.senklerhof.de\/index.php\/2021\/07\/01\/senklerinformation-01-juli-2021\/\">Weiterlesen<\/a><\/p>\n","protected":false},"author":2,"featured_media":0,"comment_status":"closed","ping_status":"open","sticky":false,"template":"","format":"standard","meta":{"ngg_post_thumbnail":0,"footnotes":""},"categories":[16],"tags":[],"class_list":["post-1830","post","type-post","status-publish","format-standard","hentry","category-senklerinformation"],"_links":{"self":[{"href":"https:\/\/www.senklerhof.de\/index.php\/wp-json\/wp\/v2\/posts\/1830","targetHints":{"allow":["GET"]}}],"collection":[{"href":"https:\/\/www.senklerhof.de\/index.php\/wp-json\/wp\/v2\/posts"}],"about":[{"href":"https:\/\/www.senklerhof.de\/index.php\/wp-json\/wp\/v2\/types\/post"}],"author":[{"embeddable":true,"href":"https:\/\/www.senklerhof.de\/index.php\/wp-json\/wp\/v2\/users\/2"}],"replies":[{"embeddable":true,"href":"https:\/\/www.senklerhof.de\/index.php\/wp-json\/wp\/v2\/comments?post=1830"}],"version-history":[{"count":3,"href":"https:\/\/www.senklerhof.de\/index.php\/wp-json\/wp\/v2\/posts\/1830\/revisions"}],"predecessor-version":[{"id":1833,"href":"https:\/\/www.senklerhof.de\/index.php\/wp-json\/wp\/v2\/posts\/1830\/revisions\/1833"}],"wp:attachment":[{"href":"https:\/\/www.senklerhof.de\/index.php\/wp-json\/wp\/v2\/media?parent=1830"}],"wp:term":[{"taxonomy":"category","embeddable":true,"href":"https:\/\/www.senklerhof.de\/index.php\/wp-json\/wp\/v2\/categories?post=1830"},{"taxonomy":"post_tag","embeddable":true,"href":"https:\/\/www.senklerhof.de\/index.php\/wp-json\/wp\/v2\/tags?post=1830"}],"curies":[{"name":"wp","href":"https:\/\/api.w.org\/{rel}","templated":true}]}}