{"id":1940,"date":"2021-08-16T20:07:17","date_gmt":"2021-08-16T19:07:17","guid":{"rendered":"https:\/\/www.senklerhof.de\/?p=1940"},"modified":"2022-03-21T07:20:12","modified_gmt":"2022-03-21T06:20:12","slug":"senklerinformation-16-august-2021","status":"publish","type":"post","link":"https:\/\/www.senklerhof.de\/index.php\/2021\/08\/16\/senklerinformation-16-august-2021\/","title":{"rendered":"Senklerinformation 16. August 2021"},"content":{"rendered":"<p>Liebe Freundinnen und Freunde des Senklerhofs,<\/p>\n<p>mit dem Inkrafttreten der neuen Corona-Verordnung zum 16. August 2021 entfallen vor allem f\u00fcr geimpfte sowie genese Personen weitgehend die Kontaktbeschr\u00e4nkungen. Somit ist ein Zugang zum Senklerhof unter Beachtung der Abstandsregelung uneingeschr\u00e4nkt m\u00f6glich. Nicht geimpfte oder genesene Personen m\u00fcssen vor Besuch des Senklerhofes einen negativen Antigen-Schnelltest nicht \u00e4lter als 24 Stunden oder einen negativen PCR-Test nicht \u00e4lter als 48 Stunden vorweisen. Ein aktueller Testnachweis ist beim Besuch des Senklerhofes an jedem dritten Tag wiederholen. Die Verantwortung f\u00fcr die Einhaltung der Corona-Regeln liegt in den H\u00e4nden der Veranstalter. Hier k\u00f6nnt ihr die aktuellen Regeln nachlesen:\u00a0<a href=\"https:\/\/www.baden-wuerttemberg.de\/de\/service\/aktuelle-infos-zu-corona\/aktuelle-corona-verordnung-des-landes-baden-wuerttemberg\/\" target=\"_blank\" rel=\"noopener\">Corona-Verordnung Ma\u00dfnahmen gegen die Ausbreitung des Coronavirus<\/a>\u00a0und hier k\u00f6nnt ihr Informationen zur Corona-Lage im Landkreis Breisgau-Hochschwarzwald finden:\u00a0<a href=\"https:\/\/www.breisgau-hochschwarzwald.de\/pb\/Breisgau-Hochschwarzwald\/Start\/Service+_+Verwaltung\/Corona-Virus.html\" target=\"_blank\" rel=\"noopener\">Corona-Virus &#8211; Breisgau-Hochschwarzwald<\/a><\/p>\n<p>Herzliche Gr\u00fc\u00dfe<\/p>\n<p>Senklerhof-Team<\/p>\n","protected":false},"excerpt":{"rendered":"<p>Liebe Freundinnen und Freunde des Senklerhofs, mit dem Inkrafttreten der neuen Corona-Verordnung zum 16. August 2021 entfallen vor allem f\u00fcr geimpfte sowie genese Personen weitgehend die Kontaktbeschr\u00e4nkungen. Somit ist ein Zugang zum Senklerhof unter Beachtung der Abstandsregelung uneingeschr\u00e4nkt m\u00f6glich. Nicht geimpfte oder genesene Personen m\u00fcssen<a class=\"read-more\" href=\"https:\/\/www.senklerhof.de\/index.php\/2021\/08\/16\/senklerinformation-16-august-2021\/\">Weiterlesen<\/a><\/p>\n","protected":false},"author":1,"featured_media":0,"comment_status":"closed","ping_status":"open","sticky":false,"template":"","format":"standard","meta":{"ngg_post_thumbnail":0,"footnotes":""},"categories":[3,18],"tags":[],"class_list":["post-1940","post","type-post","status-publish","format-standard","hentry","category-allgemein","category-mitgliederinformation"],"_links":{"self":[{"href":"https:\/\/www.senklerhof.de\/index.php\/wp-json\/wp\/v2\/posts\/1940","targetHints":{"allow":["GET"]}}],"collection":[{"href":"https:\/\/www.senklerhof.de\/index.php\/wp-json\/wp\/v2\/posts"}],"about":[{"href":"https:\/\/www.senklerhof.de\/index.php\/wp-json\/wp\/v2\/types\/post"}],"author":[{"embeddable":true,"href":"https:\/\/www.senklerhof.de\/index.php\/wp-json\/wp\/v2\/users\/1"}],"replies":[{"embeddable":true,"href":"https:\/\/www.senklerhof.de\/index.php\/wp-json\/wp\/v2\/comments?post=1940"}],"version-history":[{"count":7,"href":"https:\/\/www.senklerhof.de\/index.php\/wp-json\/wp\/v2\/posts\/1940\/revisions"}],"predecessor-version":[{"id":2071,"href":"https:\/\/www.senklerhof.de\/index.php\/wp-json\/wp\/v2\/posts\/1940\/revisions\/2071"}],"wp:attachment":[{"href":"https:\/\/www.senklerhof.de\/index.php\/wp-json\/wp\/v2\/media?parent=1940"}],"wp:term":[{"taxonomy":"category","embeddable":true,"href":"https:\/\/www.senklerhof.de\/index.php\/wp-json\/wp\/v2\/categories?post=1940"},{"taxonomy":"post_tag","embeddable":true,"href":"https:\/\/www.senklerhof.de\/index.php\/wp-json\/wp\/v2\/tags?post=1940"}],"curies":[{"name":"wp","href":"https:\/\/api.w.org\/{rel}","templated":true}]}}