{"id":226,"date":"2017-07-30T20:00:50","date_gmt":"2017-07-30T19:00:50","guid":{"rendered":"http:\/\/192.168.130.227\/senklerhof\/?p=226"},"modified":"2018-04-15T20:17:24","modified_gmt":"2018-04-15T19:17:24","slug":"arbeitswochenende","status":"publish","type":"post","link":"https:\/\/www.senklerhof.de\/index.php\/2017\/07\/30\/arbeitswochenende\/","title":{"rendered":"Arbeitswochenende 29.-30. Juli 2017"},"content":{"rendered":"<p>Wie sich herausstellte hatte sich wieder eine motivierte Mannschaft zum Arbeitswochenende auf dem Senklerhof eingefunden. Die Herausforderung bestand darin die Westfassade zu erneuern. Nach dem Einr\u00fcsten der Westseite des Senklerhofes und der Abriss der alten Fassade wurde diese wieder St\u00fcck f\u00fcr St\u00fcck aufgebaut. Unter fachkundiger Leitung von Klaus wurde die Isolierung der Au\u00dfenwand, die Leibung der Fenster und die Fassade mit unbehandelten L\u00e4rchenholz erneuert.<\/p>\n<p>Die neue Fassade und die neuen Leibungen sind ein echter Hingucker geworden.<\/p>\n<p><img loading=\"lazy\" decoding=\"async\" class=\"wp-image-266 alignright\" src=\"http:\/\/www.senklerhof.de\/wp-content\/uploads\/2018\/02\/20170730_162129-e1519151382933-300x169.jpg\" alt=\"\" width=\"300\" height=\"169\" srcset=\"https:\/\/www.senklerhof.de\/wp-content\/uploads\/2018\/02\/20170730_162129-e1519151382933-300x169.jpg 300w, https:\/\/www.senklerhof.de\/wp-content\/uploads\/2018\/02\/20170730_162129-e1519151382933-768x432.jpg 768w, https:\/\/www.senklerhof.de\/wp-content\/uploads\/2018\/02\/20170730_162129-e1519151382933-1024x576.jpg 1024w, https:\/\/www.senklerhof.de\/wp-content\/uploads\/2018\/02\/20170730_162129-e1519151382933-520x293.jpg 520w, https:\/\/www.senklerhof.de\/wp-content\/uploads\/2018\/02\/20170730_162129-e1519151382933-740x416.jpg 740w\" sizes=\"auto, (max-width: 300px) 100vw, 300px\" \/> <img loading=\"lazy\" decoding=\"async\" class=\"alignleft wp-image-265 size-medium\" src=\"http:\/\/www.senklerhof.de\/wp-content\/uploads\/2018\/02\/20170729_203510-e1519151392157-300x169.jpg\" alt=\"\" width=\"300\" height=\"169\" srcset=\"https:\/\/www.senklerhof.de\/wp-content\/uploads\/2018\/02\/20170729_203510-e1519151392157-300x169.jpg 300w, https:\/\/www.senklerhof.de\/wp-content\/uploads\/2018\/02\/20170729_203510-e1519151392157-768x432.jpg 768w, https:\/\/www.senklerhof.de\/wp-content\/uploads\/2018\/02\/20170729_203510-e1519151392157-1024x576.jpg 1024w, https:\/\/www.senklerhof.de\/wp-content\/uploads\/2018\/02\/20170729_203510-e1519151392157-520x293.jpg 520w, https:\/\/www.senklerhof.de\/wp-content\/uploads\/2018\/02\/20170729_203510-e1519151392157-740x416.jpg 740w\" sizes=\"auto, (max-width: 300px) 100vw, 300px\" \/><\/p>\n<p>&nbsp;<\/p>\n<p>&nbsp;<\/p>\n<p>&nbsp;<\/p>\n<p>&nbsp;<\/p>\n<p>&nbsp;<\/p>\n<p>&nbsp;<\/p>\n<p><img loading=\"lazy\" decoding=\"async\" class=\"alignleft wp-image-269 size-medium\" src=\"http:\/\/www.senklerhof.de\/wp-content\/uploads\/2017\/07\/IMG_20171014_1003222-300x225.jpg\" alt=\"\" width=\"300\" height=\"225\" srcset=\"https:\/\/www.senklerhof.de\/wp-content\/uploads\/2017\/07\/IMG_20171014_1003222-300x225.jpg 300w, https:\/\/www.senklerhof.de\/wp-content\/uploads\/2017\/07\/IMG_20171014_1003222-768x576.jpg 768w, https:\/\/www.senklerhof.de\/wp-content\/uploads\/2017\/07\/IMG_20171014_1003222-1024x768.jpg 1024w, https:\/\/www.senklerhof.de\/wp-content\/uploads\/2017\/07\/IMG_20171014_1003222-520x390.jpg 520w, https:\/\/www.senklerhof.de\/wp-content\/uploads\/2017\/07\/IMG_20171014_1003222-740x555.jpg 740w\" sizes=\"auto, (max-width: 300px) 100vw, 300px\" \/><\/p>\n<p><img loading=\"lazy\" decoding=\"async\" class=\"wp-image-272 size-medium alignright\" src=\"http:\/\/www.senklerhof.de\/wp-content\/uploads\/2017\/07\/IMG_20171014_1003222-1-300x225.jpg\" alt=\"\" width=\"300\" height=\"225\" srcset=\"https:\/\/www.senklerhof.de\/wp-content\/uploads\/2017\/07\/IMG_20171014_1003222-1-300x225.jpg 300w, https:\/\/www.senklerhof.de\/wp-content\/uploads\/2017\/07\/IMG_20171014_1003222-1-768x576.jpg 768w, https:\/\/www.senklerhof.de\/wp-content\/uploads\/2017\/07\/IMG_20171014_1003222-1-1024x768.jpg 1024w, https:\/\/www.senklerhof.de\/wp-content\/uploads\/2017\/07\/IMG_20171014_1003222-1-520x390.jpg 520w, https:\/\/www.senklerhof.de\/wp-content\/uploads\/2017\/07\/IMG_20171014_1003222-1-740x555.jpg 740w\" sizes=\"auto, (max-width: 300px) 100vw, 300px\" \/><\/p>\n<p>&nbsp;<\/p>\n<p>&nbsp;<\/p>\n<p>&nbsp;<\/p>\n<p>&nbsp;<\/p>\n<p>&nbsp;<\/p>\n<p>&nbsp;<\/p>\n<p>&nbsp;<\/p>\n<p>An alle Helfer ein herzliches Danke sch\u00f6n.<\/p>\n<p>Der H\u00fcttenwart<\/p>\n","protected":false},"excerpt":{"rendered":"<p>Wie sich herausstellte hatte sich wieder eine motivierte Mannschaft zum Arbeitswochenende auf dem Senklerhof eingefunden. Die Herausforderung bestand darin die Westfassade zu erneuern. Nach dem Einr\u00fcsten der Westseite des Senklerhofes und der Abriss der alten Fassade wurde diese wieder St\u00fcck f\u00fcr St\u00fcck aufgebaut. Unter fachkundiger<a class=\"read-more\" href=\"https:\/\/www.senklerhof.de\/index.php\/2017\/07\/30\/arbeitswochenende\/\">Weiterlesen<\/a><\/p>\n","protected":false},"author":4,"featured_media":0,"comment_status":"closed","ping_status":"open","sticky":false,"template":"","format":"standard","meta":{"ngg_post_thumbnail":0,"footnotes":""},"categories":[14],"tags":[],"class_list":["post-226","post","type-post","status-publish","format-standard","hentry","category-arbeitswochenende"],"_links":{"self":[{"href":"https:\/\/www.senklerhof.de\/index.php\/wp-json\/wp\/v2\/posts\/226","targetHints":{"allow":["GET"]}}],"collection":[{"href":"https:\/\/www.senklerhof.de\/index.php\/wp-json\/wp\/v2\/posts"}],"about":[{"href":"https:\/\/www.senklerhof.de\/index.php\/wp-json\/wp\/v2\/types\/post"}],"author":[{"embeddable":true,"href":"https:\/\/www.senklerhof.de\/index.php\/wp-json\/wp\/v2\/users\/4"}],"replies":[{"embeddable":true,"href":"https:\/\/www.senklerhof.de\/index.php\/wp-json\/wp\/v2\/comments?post=226"}],"version-history":[{"count":10,"href":"https:\/\/www.senklerhof.de\/index.php\/wp-json\/wp\/v2\/posts\/226\/revisions"}],"predecessor-version":[{"id":589,"href":"https:\/\/www.senklerhof.de\/index.php\/wp-json\/wp\/v2\/posts\/226\/revisions\/589"}],"wp:attachment":[{"href":"https:\/\/www.senklerhof.de\/index.php\/wp-json\/wp\/v2\/media?parent=226"}],"wp:term":[{"taxonomy":"category","embeddable":true,"href":"https:\/\/www.senklerhof.de\/index.php\/wp-json\/wp\/v2\/categories?post=226"},{"taxonomy":"post_tag","embeddable":true,"href":"https:\/\/www.senklerhof.de\/index.php\/wp-json\/wp\/v2\/tags?post=226"}],"curies":[{"name":"wp","href":"https:\/\/api.w.org\/{rel}","templated":true}]}}