{"id":410,"date":"2017-10-15T06:04:06","date_gmt":"2017-10-15T05:04:06","guid":{"rendered":"http:\/\/www.senklerhof.de\/?p=410"},"modified":"2018-04-08T11:48:24","modified_gmt":"2018-04-08T10:48:24","slug":"mitgliederversammlung-14-oktober-2017","status":"publish","type":"post","link":"https:\/\/www.senklerhof.de\/index.php\/2017\/10\/15\/mitgliederversammlung-14-oktober-2017\/","title":{"rendered":"Mitgliederversammlung 14. Oktober 2017"},"content":{"rendered":"<p>Am 14. 10. 2017 fand die Mitgliederversammlung des Senklerhof e.V. auf dem Senklerhof statt.<\/p>\n<p>In der Versammlung wurden folgende Themen besprochen:<\/p>\n<ul>\n<li>Bericht der Gesch\u00e4ftsf\u00fchrerin und dem Vorsitzenden<\/li>\n<li>Bericht des H\u00fcttenwarts<\/li>\n<li>Bericht des Kassenwartes<strong><img loading=\"lazy\" decoding=\"async\" class=\"size-medium wp-image-417 alignright\" src=\"http:\/\/www.senklerhof.de\/wp-content\/uploads\/2018\/03\/Volker-Frank-zugeschnitten-173x300.jpg\" alt=\"\" width=\"173\" height=\"300\" srcset=\"https:\/\/www.senklerhof.de\/wp-content\/uploads\/2018\/03\/Volker-Frank-zugeschnitten-173x300.jpg 173w, https:\/\/www.senklerhof.de\/wp-content\/uploads\/2018\/03\/Volker-Frank-zugeschnitten-768x1332.jpg 768w, https:\/\/www.senklerhof.de\/wp-content\/uploads\/2018\/03\/Volker-Frank-zugeschnitten-591x1024.jpg 591w, https:\/\/www.senklerhof.de\/wp-content\/uploads\/2018\/03\/Volker-Frank-zugeschnitten-520x902.jpg 520w, https:\/\/www.senklerhof.de\/wp-content\/uploads\/2018\/03\/Volker-Frank-zugeschnitten-740x1283.jpg 740w, https:\/\/www.senklerhof.de\/wp-content\/uploads\/2018\/03\/Volker-Frank-zugeschnitten.jpg 1356w\" sizes=\"auto, (max-width: 173px) 100vw, 173px\" \/><\/strong><\/li>\n<li>Mitgliederangelegenheiten<\/li>\n<li>Gemeinn\u00fctzigkeit \/ Satzungs\u00e4nderung<\/li>\n<li>Anpassen der Aufwandsentsch\u00e4digungen<\/li>\n<li>Anpassung der Preise<\/li>\n<li>Arbeitswochenenden 2018<\/li>\n<li>Wahlen<\/li>\n<li>Antr\u00e4ge<\/li>\n<\/ul>\n<p>Da Volker nicht mehr als Vorstand zur Verf\u00fcgung wurde ein neuer Vorstand gew\u00e4hlt.<\/p>\n<ul>\n<li>Frank Kl\u00f6ser zum Vorsitzenden<\/li>\n<li>Birgit Franz zur Gesch\u00e4ftsf\u00fchrerin<\/li>\n<li>Hans-Peter Hummel zum H\u00fcttenwart<\/li>\n<\/ul>\n<p>Der Vorstand<\/p>\n","protected":false},"excerpt":{"rendered":"<p>Am 14. 10. 2017 fand die Mitgliederversammlung des Senklerhof e.V. auf dem Senklerhof statt. In der Versammlung wurden folgende Themen besprochen: Bericht der Gesch\u00e4ftsf\u00fchrerin und dem Vorsitzenden Bericht des H\u00fcttenwarts Bericht des Kassenwartes Mitgliederangelegenheiten Gemeinn\u00fctzigkeit \/ Satzungs\u00e4nderung Anpassen der Aufwandsentsch\u00e4digungen Anpassung der Preise Arbeitswochenenden 2018<a class=\"read-more\" href=\"https:\/\/www.senklerhof.de\/index.php\/2017\/10\/15\/mitgliederversammlung-14-oktober-2017\/\">Weiterlesen<\/a><\/p>\n","protected":false},"author":2,"featured_media":0,"comment_status":"closed","ping_status":"open","sticky":false,"template":"","format":"standard","meta":{"ngg_post_thumbnail":0,"footnotes":""},"categories":[15],"tags":[],"class_list":["post-410","post","type-post","status-publish","format-standard","hentry","category-mitgliederversammlung"],"_links":{"self":[{"href":"https:\/\/www.senklerhof.de\/index.php\/wp-json\/wp\/v2\/posts\/410","targetHints":{"allow":["GET"]}}],"collection":[{"href":"https:\/\/www.senklerhof.de\/index.php\/wp-json\/wp\/v2\/posts"}],"about":[{"href":"https:\/\/www.senklerhof.de\/index.php\/wp-json\/wp\/v2\/types\/post"}],"author":[{"embeddable":true,"href":"https:\/\/www.senklerhof.de\/index.php\/wp-json\/wp\/v2\/users\/2"}],"replies":[{"embeddable":true,"href":"https:\/\/www.senklerhof.de\/index.php\/wp-json\/wp\/v2\/comments?post=410"}],"version-history":[{"count":14,"href":"https:\/\/www.senklerhof.de\/index.php\/wp-json\/wp\/v2\/posts\/410\/revisions"}],"predecessor-version":[{"id":519,"href":"https:\/\/www.senklerhof.de\/index.php\/wp-json\/wp\/v2\/posts\/410\/revisions\/519"}],"wp:attachment":[{"href":"https:\/\/www.senklerhof.de\/index.php\/wp-json\/wp\/v2\/media?parent=410"}],"wp:term":[{"taxonomy":"category","embeddable":true,"href":"https:\/\/www.senklerhof.de\/index.php\/wp-json\/wp\/v2\/categories?post=410"},{"taxonomy":"post_tag","embeddable":true,"href":"https:\/\/www.senklerhof.de\/index.php\/wp-json\/wp\/v2\/tags?post=410"}],"curies":[{"name":"wp","href":"https:\/\/api.w.org\/{rel}","templated":true}]}}