{"id":616,"date":"2018-08-13T21:25:50","date_gmt":"2018-08-13T20:25:50","guid":{"rendered":"http:\/\/www.senklerhof.de\/?p=616"},"modified":"2018-08-14T19:16:10","modified_gmt":"2018-08-14T18:16:10","slug":"arbeitswochenende-10-12-august-2018","status":"publish","type":"post","link":"https:\/\/www.senklerhof.de\/index.php\/2018\/08\/13\/arbeitswochenende-10-12-august-2018\/","title":{"rendered":"Arbeitswochenende 10.-12. August 2018"},"content":{"rendered":"<p>Ein weiteres arbeitsreiches Wochenende auf dem Senklerhof ist vor\u00fcber. Mit vielen H\u00e4nden wurden wieder viele Arbeitsstunden geleistet und kleine sowie gro\u00dfe Reparaturen, Reinigungen, Ausbesserungen uvm. durchgef\u00fchrt.<\/p>\n<ul>\n<li>Holzst\u00e4nder zur Erweiterung des Holzschuppens wurden gestellt und einbetoniert.<\/li>\n<li>Die Holzschr\u00e4nke im H\u00fcttenwartszimmer wurde gegen Stahlschr\u00e4nke (M\u00e4useschutz) ersetzt.<\/li>\n<li>Das Inventar des H\u00fcttenwartszimmer wurde gesichtet und ggf. aussortiert und entsorgt.<\/li>\n<li>Die Matratzen wurden mit pflegeleichteren Bez\u00fcge ausgestattet.<\/li>\n<li>Die K\u00fcche wurde mit einer neuen Arbeitsplatte ausgestattet.<\/li>\n<li>Der Herd mit defekten Backofen wurde durch einen neuen Herd mit Induktionskochfeld (Brandschutz) ersetzt.<\/li>\n<li>Die Zuleitung f\u00fcr den Herd wurde neu &#8222;Unterputz&#8220; verlegt.<\/li>\n<li>Die besch\u00e4digt K\u00fchlschrankt\u00fcr wurde durch eine neue T\u00fcr ersetzt.<\/li>\n<li>Am Schafstall wurden die Bitumenplatten entfernt und entsorgt.<\/li>\n<\/ul>\n<p><img loading=\"lazy\" decoding=\"async\" class=\"alignnone size-medium wp-image-628\" src=\"http:\/\/www.senklerhof.de\/wp-content\/uploads\/2018\/08\/20180812_1458090-300x225.jpg\" alt=\"\" width=\"300\" height=\"225\" srcset=\"https:\/\/www.senklerhof.de\/wp-content\/uploads\/2018\/08\/20180812_1458090-300x225.jpg 300w, https:\/\/www.senklerhof.de\/wp-content\/uploads\/2018\/08\/20180812_1458090-768x576.jpg 768w, https:\/\/www.senklerhof.de\/wp-content\/uploads\/2018\/08\/20180812_1458090-1024x768.jpg 1024w, https:\/\/www.senklerhof.de\/wp-content\/uploads\/2018\/08\/20180812_1458090-520x390.jpg 520w, https:\/\/www.senklerhof.de\/wp-content\/uploads\/2018\/08\/20180812_1458090-740x555.jpg 740w, https:\/\/www.senklerhof.de\/wp-content\/uploads\/2018\/08\/20180812_1458090.jpg 1632w\" sizes=\"auto, (max-width: 300px) 100vw, 300px\" \/> <img loading=\"lazy\" decoding=\"async\" class=\"size-medium wp-image-627 alignleft\" src=\"http:\/\/www.senklerhof.de\/wp-content\/uploads\/2018\/08\/20180812_145757-300x225.jpg\" alt=\"\" width=\"300\" height=\"225\" srcset=\"https:\/\/www.senklerhof.de\/wp-content\/uploads\/2018\/08\/20180812_145757-300x225.jpg 300w, https:\/\/www.senklerhof.de\/wp-content\/uploads\/2018\/08\/20180812_145757-768x576.jpg 768w, https:\/\/www.senklerhof.de\/wp-content\/uploads\/2018\/08\/20180812_145757-1024x768.jpg 1024w, https:\/\/www.senklerhof.de\/wp-content\/uploads\/2018\/08\/20180812_145757-520x390.jpg 520w, https:\/\/www.senklerhof.de\/wp-content\/uploads\/2018\/08\/20180812_145757-740x555.jpg 740w, https:\/\/www.senklerhof.de\/wp-content\/uploads\/2018\/08\/20180812_145757.jpg 1632w\" sizes=\"auto, (max-width: 300px) 100vw, 300px\" \/><\/p>\n<p><img loading=\"lazy\" decoding=\"async\" class=\"alignnone wp-image-626 size-medium\" src=\"http:\/\/www.senklerhof.de\/wp-content\/uploads\/2018\/08\/20180812_145705-300x225.jpg\" alt=\"\" width=\"300\" height=\"225\" srcset=\"https:\/\/www.senklerhof.de\/wp-content\/uploads\/2018\/08\/20180812_145705-300x225.jpg 300w, https:\/\/www.senklerhof.de\/wp-content\/uploads\/2018\/08\/20180812_145705-768x576.jpg 768w, https:\/\/www.senklerhof.de\/wp-content\/uploads\/2018\/08\/20180812_145705-1024x768.jpg 1024w, https:\/\/www.senklerhof.de\/wp-content\/uploads\/2018\/08\/20180812_145705-520x390.jpg 520w, https:\/\/www.senklerhof.de\/wp-content\/uploads\/2018\/08\/20180812_145705-740x555.jpg 740w, https:\/\/www.senklerhof.de\/wp-content\/uploads\/2018\/08\/20180812_145705.jpg 1632w\" sizes=\"auto, (max-width: 300px) 100vw, 300px\" \/>\u00a0<img loading=\"lazy\" decoding=\"async\" class=\"wp-image-625 alignleft\" src=\"http:\/\/www.senklerhof.de\/wp-content\/uploads\/2018\/08\/20180811_100433-e1534191589966-225x300.jpg\" alt=\"\" width=\"169\" height=\"225\" srcset=\"https:\/\/www.senklerhof.de\/wp-content\/uploads\/2018\/08\/20180811_100433-e1534191589966-225x300.jpg 225w, https:\/\/www.senklerhof.de\/wp-content\/uploads\/2018\/08\/20180811_100433-e1534191589966-768x1024.jpg 768w, https:\/\/www.senklerhof.de\/wp-content\/uploads\/2018\/08\/20180811_100433-e1534191589966-520x693.jpg 520w, https:\/\/www.senklerhof.de\/wp-content\/uploads\/2018\/08\/20180811_100433-e1534191589966-740x987.jpg 740w, https:\/\/www.senklerhof.de\/wp-content\/uploads\/2018\/08\/20180811_100433-e1534191589966.jpg 1224w\" sizes=\"auto, (max-width: 169px) 100vw, 169px\" \/><\/p>\n<p>Und wie immer wurde der Senkler gr\u00fcndlich grundgereinigt.<\/p>\n<p>An alle Helfer ein herzliches Danke sch\u00f6n.<\/p>\n<p>Der H\u00fcttenwart<\/p>\n","protected":false},"excerpt":{"rendered":"<p>Ein weiteres arbeitsreiches Wochenende auf dem Senklerhof ist vor\u00fcber. Mit vielen H\u00e4nden wurden wieder viele Arbeitsstunden geleistet und kleine sowie gro\u00dfe Reparaturen, Reinigungen, Ausbesserungen uvm. durchgef\u00fchrt. Holzst\u00e4nder zur Erweiterung des Holzschuppens wurden gestellt und einbetoniert. Die Holzschr\u00e4nke im H\u00fcttenwartszimmer wurde gegen Stahlschr\u00e4nke (M\u00e4useschutz) ersetzt. Das<a class=\"read-more\" href=\"https:\/\/www.senklerhof.de\/index.php\/2018\/08\/13\/arbeitswochenende-10-12-august-2018\/\">Weiterlesen<\/a><\/p>\n","protected":false},"author":4,"featured_media":0,"comment_status":"closed","ping_status":"open","sticky":false,"template":"","format":"standard","meta":{"ngg_post_thumbnail":0,"footnotes":""},"categories":[3],"tags":[],"class_list":["post-616","post","type-post","status-publish","format-standard","hentry","category-allgemein"],"_links":{"self":[{"href":"https:\/\/www.senklerhof.de\/index.php\/wp-json\/wp\/v2\/posts\/616","targetHints":{"allow":["GET"]}}],"collection":[{"href":"https:\/\/www.senklerhof.de\/index.php\/wp-json\/wp\/v2\/posts"}],"about":[{"href":"https:\/\/www.senklerhof.de\/index.php\/wp-json\/wp\/v2\/types\/post"}],"author":[{"embeddable":true,"href":"https:\/\/www.senklerhof.de\/index.php\/wp-json\/wp\/v2\/users\/4"}],"replies":[{"embeddable":true,"href":"https:\/\/www.senklerhof.de\/index.php\/wp-json\/wp\/v2\/comments?post=616"}],"version-history":[{"count":9,"href":"https:\/\/www.senklerhof.de\/index.php\/wp-json\/wp\/v2\/posts\/616\/revisions"}],"predecessor-version":[{"id":634,"href":"https:\/\/www.senklerhof.de\/index.php\/wp-json\/wp\/v2\/posts\/616\/revisions\/634"}],"wp:attachment":[{"href":"https:\/\/www.senklerhof.de\/index.php\/wp-json\/wp\/v2\/media?parent=616"}],"wp:term":[{"taxonomy":"category","embeddable":true,"href":"https:\/\/www.senklerhof.de\/index.php\/wp-json\/wp\/v2\/categories?post=616"},{"taxonomy":"post_tag","embeddable":true,"href":"https:\/\/www.senklerhof.de\/index.php\/wp-json\/wp\/v2\/tags?post=616"}],"curies":[{"name":"wp","href":"https:\/\/api.w.org\/{rel}","templated":true}]}}