{"id":705,"date":"2019-01-13T18:18:03","date_gmt":"2019-01-13T17:18:03","guid":{"rendered":"http:\/\/www.senklerhof.de\/?p=705"},"modified":"2019-01-13T18:19:23","modified_gmt":"2019-01-13T17:19:23","slug":"mitgliederinformation-13-januar-2019","status":"publish","type":"post","link":"https:\/\/www.senklerhof.de\/index.php\/2019\/01\/13\/mitgliederinformation-13-januar-2019\/","title":{"rendered":"Mitgliederinformation 13. Januar 2019"},"content":{"rendered":"\n<p>Liebe Freundinnen und Freunde des Senklerhof!<\/p>\n\n\n\n<p>Der Senkler ist so gut wie ausgebucht f\u00fcr das Jahr 2019.<\/p>\n\n\n\n<p>Wer kurzfristig ein Wochenende, vielleicht im Schnee, verbringen m\u00f6chte, f\u00fcr den k\u00f6nnte der Termin vom 1. &#8211; 3. Februar interessant sein, der bis jetzt noch frei ist. Auch ist das Wochenende vor Weihnachten (20. &#8211; 22. Dezember) noch nicht vergeben.<\/p>\n\n\n\n<p>\nDie Gesch\u00e4ftsf\u00fchrerin\n\n<\/p>\n\n\n\n<p><br><\/p>\n\n\n\n<p><br><\/p>\n","protected":false},"excerpt":{"rendered":"<p>Liebe Freundinnen und Freunde des Senklerhof! Der Senkler ist so gut wie ausgebucht f\u00fcr das Jahr 2019. Wer kurzfristig ein Wochenende, vielleicht im Schnee, verbringen m\u00f6chte, f\u00fcr den k\u00f6nnte der Termin vom 1. &#8211; 3. Februar interessant sein, der bis jetzt noch frei ist. Auch<a class=\"read-more\" href=\"https:\/\/www.senklerhof.de\/index.php\/2019\/01\/13\/mitgliederinformation-13-januar-2019\/\">Weiterlesen<\/a><\/p>\n","protected":false},"author":3,"featured_media":0,"comment_status":"closed","ping_status":"open","sticky":false,"template":"","format":"standard","meta":{"ngg_post_thumbnail":0,"footnotes":""},"categories":[3],"tags":[],"class_list":["post-705","post","type-post","status-publish","format-standard","hentry","category-allgemein"],"_links":{"self":[{"href":"https:\/\/www.senklerhof.de\/index.php\/wp-json\/wp\/v2\/posts\/705","targetHints":{"allow":["GET"]}}],"collection":[{"href":"https:\/\/www.senklerhof.de\/index.php\/wp-json\/wp\/v2\/posts"}],"about":[{"href":"https:\/\/www.senklerhof.de\/index.php\/wp-json\/wp\/v2\/types\/post"}],"author":[{"embeddable":true,"href":"https:\/\/www.senklerhof.de\/index.php\/wp-json\/wp\/v2\/users\/3"}],"replies":[{"embeddable":true,"href":"https:\/\/www.senklerhof.de\/index.php\/wp-json\/wp\/v2\/comments?post=705"}],"version-history":[{"count":2,"href":"https:\/\/www.senklerhof.de\/index.php\/wp-json\/wp\/v2\/posts\/705\/revisions"}],"predecessor-version":[{"id":707,"href":"https:\/\/www.senklerhof.de\/index.php\/wp-json\/wp\/v2\/posts\/705\/revisions\/707"}],"wp:attachment":[{"href":"https:\/\/www.senklerhof.de\/index.php\/wp-json\/wp\/v2\/media?parent=705"}],"wp:term":[{"taxonomy":"category","embeddable":true,"href":"https:\/\/www.senklerhof.de\/index.php\/wp-json\/wp\/v2\/categories?post=705"},{"taxonomy":"post_tag","embeddable":true,"href":"https:\/\/www.senklerhof.de\/index.php\/wp-json\/wp\/v2\/tags?post=705"}],"curies":[{"name":"wp","href":"https:\/\/api.w.org\/{rel}","templated":true}]}}