{"id":735,"date":"2019-05-13T14:27:10","date_gmt":"2019-05-13T13:27:10","guid":{"rendered":"http:\/\/www.senklerhof.de\/?p=735"},"modified":"2019-05-21T15:16:06","modified_gmt":"2019-05-21T14:16:06","slug":"arbeitswochenende-11-13-mai","status":"publish","type":"post","link":"https:\/\/www.senklerhof.de\/index.php\/2019\/05\/13\/arbeitswochenende-11-13-mai\/","title":{"rendered":"Arbeitswochenende 11.-13. Mai 2019"},"content":{"rendered":"<p>Am ersten Arbeitswochenende des Jahres stand wie immer im Fr\u00fchjahr die Grundreinigung des Senklers im Vordergrund. Schlafr\u00e4ume, Betten, Bettbez\u00fcge, Zimmer, Vorh\u00e4nge, Schr\u00e4nke, B\u00e4der, Dusche, Toiletten und die K\u00fcche wurden gereinigt, gewaschen, ausgebessert, &#8230;<\/p>\n<p>Aber auch kleinere und gr\u00f6\u00dfere Reparaturen standen auf dem Programm:<\/p>\n<ul>\n<li>das angeschlagene Waschbecken im Damenbad wurde ersetzt<\/li>\n<li>der Heizstrahler im Damenbad wurde repariert<\/li>\n<li>der Fu\u00dfboden in der gro\u00dfen Stube wurde ausgebessert<\/li>\n<li>die Edelstahlblende am Elektroherd wurde angebracht<\/li>\n<li>das Holzlager wurde aufgef\u00fcllt<\/li>\n<\/ul>\n<p><img loading=\"lazy\" decoding=\"async\" class=\"alignnone size-medium wp-image-738\" src=\"http:\/\/www.senklerhof.de\/wp-content\/uploads\/2019\/05\/Fu\u00dfboden-reduziert-300x169.jpg\" alt=\"\" width=\"300\" height=\"169\" srcset=\"https:\/\/www.senklerhof.de\/wp-content\/uploads\/2019\/05\/Fu\u00dfboden-reduziert-300x169.jpg 300w, https:\/\/www.senklerhof.de\/wp-content\/uploads\/2019\/05\/Fu\u00dfboden-reduziert-768x432.jpg 768w, https:\/\/www.senklerhof.de\/wp-content\/uploads\/2019\/05\/Fu\u00dfboden-reduziert-1024x576.jpg 1024w, https:\/\/www.senklerhof.de\/wp-content\/uploads\/2019\/05\/Fu\u00dfboden-reduziert-520x293.jpg 520w, https:\/\/www.senklerhof.de\/wp-content\/uploads\/2019\/05\/Fu\u00dfboden-reduziert-740x416.jpg 740w\" sizes=\"auto, (max-width: 300px) 100vw, 300px\" \/> <img loading=\"lazy\" decoding=\"async\" class=\"size-medium wp-image-740 alignright\" src=\"http:\/\/www.senklerhof.de\/wp-content\/uploads\/2019\/05\/L\u00f6schdecke-reduziert-300x169.jpg\" alt=\"\" width=\"300\" height=\"169\" srcset=\"https:\/\/www.senklerhof.de\/wp-content\/uploads\/2019\/05\/L\u00f6schdecke-reduziert-300x169.jpg 300w, https:\/\/www.senklerhof.de\/wp-content\/uploads\/2019\/05\/L\u00f6schdecke-reduziert-768x432.jpg 768w, https:\/\/www.senklerhof.de\/wp-content\/uploads\/2019\/05\/L\u00f6schdecke-reduziert-1024x576.jpg 1024w, https:\/\/www.senklerhof.de\/wp-content\/uploads\/2019\/05\/L\u00f6schdecke-reduziert-520x293.jpg 520w, https:\/\/www.senklerhof.de\/wp-content\/uploads\/2019\/05\/L\u00f6schdecke-reduziert-740x416.jpg 740w\" sizes=\"auto, (max-width: 300px) 100vw, 300px\" \/><\/p>\n<p>Ein Schwerpunkt f\u00fcr die diesj\u00e4hrigen Arbeitswochenenden ist auch die Erweiterung des Brandschutzes auf dem Senklerhof. So wurden als erste Ma\u00dfnahmen eine L\u00f6schdecke in der K\u00fcche angebracht und funkvernetzte Rauchmelder installiert. Weitere geplante Ma\u00dfnahmen sind z.B. der Einbau von Brandschutzschaltern und Panikschl\u00f6ssern. Daher waren am Samstag ein Schreinerei- und Elektrofachbetrieb vor Ort um die entsprechenden Ma\u00dfnahmen zu besprechen.<\/p>\n<p>Trotz der vielen Arbeit haben wir wieder ein tolles Wochenende auf dem Senkler verbracht. An alle Helfer ein herzliches und riesengro\u00dfes DANKE SCH\u00d6N.<\/p>\n<p>Der H\u00fcttenwart<\/p>\n<p>&nbsp;<\/p>\n","protected":false},"excerpt":{"rendered":"<p>Am ersten Arbeitswochenende des Jahres stand wie immer im Fr\u00fchjahr die Grundreinigung des Senklers im Vordergrund. Schlafr\u00e4ume, Betten, Bettbez\u00fcge, Zimmer, Vorh\u00e4nge, Schr\u00e4nke, B\u00e4der, Dusche, Toiletten und die K\u00fcche wurden gereinigt, gewaschen, ausgebessert, &#8230; Aber auch kleinere und gr\u00f6\u00dfere Reparaturen standen auf dem Programm: das angeschlagene<a class=\"read-more\" href=\"https:\/\/www.senklerhof.de\/index.php\/2019\/05\/13\/arbeitswochenende-11-13-mai\/\">Weiterlesen<\/a><\/p>\n","protected":false},"author":4,"featured_media":0,"comment_status":"closed","ping_status":"open","sticky":false,"template":"","format":"standard","meta":{"ngg_post_thumbnail":0,"footnotes":""},"categories":[3],"tags":[],"class_list":["post-735","post","type-post","status-publish","format-standard","hentry","category-allgemein"],"_links":{"self":[{"href":"https:\/\/www.senklerhof.de\/index.php\/wp-json\/wp\/v2\/posts\/735","targetHints":{"allow":["GET"]}}],"collection":[{"href":"https:\/\/www.senklerhof.de\/index.php\/wp-json\/wp\/v2\/posts"}],"about":[{"href":"https:\/\/www.senklerhof.de\/index.php\/wp-json\/wp\/v2\/types\/post"}],"author":[{"embeddable":true,"href":"https:\/\/www.senklerhof.de\/index.php\/wp-json\/wp\/v2\/users\/4"}],"replies":[{"embeddable":true,"href":"https:\/\/www.senklerhof.de\/index.php\/wp-json\/wp\/v2\/comments?post=735"}],"version-history":[{"count":7,"href":"https:\/\/www.senklerhof.de\/index.php\/wp-json\/wp\/v2\/posts\/735\/revisions"}],"predecessor-version":[{"id":749,"href":"https:\/\/www.senklerhof.de\/index.php\/wp-json\/wp\/v2\/posts\/735\/revisions\/749"}],"wp:attachment":[{"href":"https:\/\/www.senklerhof.de\/index.php\/wp-json\/wp\/v2\/media?parent=735"}],"wp:term":[{"taxonomy":"category","embeddable":true,"href":"https:\/\/www.senklerhof.de\/index.php\/wp-json\/wp\/v2\/categories?post=735"},{"taxonomy":"post_tag","embeddable":true,"href":"https:\/\/www.senklerhof.de\/index.php\/wp-json\/wp\/v2\/tags?post=735"}],"curies":[{"name":"wp","href":"https:\/\/api.w.org\/{rel}","templated":true}]}}