{"id":769,"date":"2019-08-12T17:09:26","date_gmt":"2019-08-12T16:09:26","guid":{"rendered":"http:\/\/www.senklerhof.de\/?p=769"},"modified":"2019-08-12T17:19:00","modified_gmt":"2019-08-12T16:19:00","slug":"arbeitswochenende-09-11-august-2019","status":"publish","type":"post","link":"https:\/\/www.senklerhof.de\/index.php\/2019\/08\/12\/arbeitswochenende-09-11-august-2019\/","title":{"rendered":"Arbeitswochenende 09.-11. August 2019"},"content":{"rendered":"<p>Wieder haben sich flei\u00dfige Helfer zu einem Arbeitswochenende auf dem Senklerhof zusammengefunden. Wie immer wurde der Senkler gr\u00fcndlich geputzt und auf Vordermann gebracht. Betten und Matratzen wurden auf Besch\u00e4digungen gepr\u00fcft und gr\u00fcndlich gereinigt. Das komplette K\u00fccheninventar wurde ausger\u00e4umt, geputzt und besch\u00e4digte Teile ausgetauscht. Schr\u00e4nke, Herd und Backofen sehen wieder wie neu aus und der Sanit\u00e4rbereiche erstrahlt im neuen Glanz.<\/p>\n<p>Nat\u00fcrlich wurde auch um das Haus gearbeitet.<\/p>\n<ul>\n<li>Mit dem Freischneider wurde ums Haus gem\u00e4ht.<\/li>\n<li>Der Holzvorrat wurde wieder aufgef\u00fcllt.<\/li>\n<li>Die Bierb\u00e4nke wurde abgeschliffen und neu versiegelt.<\/li>\n<\/ul>\n<p><img loading=\"lazy\" decoding=\"async\" class=\"alignnone size-medium wp-image-762\" src=\"http:\/\/www.senklerhof.de\/wp-content\/uploads\/2019\/08\/Blog-Arbeitswochenende-Aug2019-Hausansicht-300x169.jpg\" alt=\"\" width=\"300\" height=\"169\" srcset=\"https:\/\/www.senklerhof.de\/wp-content\/uploads\/2019\/08\/Blog-Arbeitswochenende-Aug2019-Hausansicht-300x169.jpg 300w, https:\/\/www.senklerhof.de\/wp-content\/uploads\/2019\/08\/Blog-Arbeitswochenende-Aug2019-Hausansicht-768x432.jpg 768w, https:\/\/www.senklerhof.de\/wp-content\/uploads\/2019\/08\/Blog-Arbeitswochenende-Aug2019-Hausansicht-1024x576.jpg 1024w, https:\/\/www.senklerhof.de\/wp-content\/uploads\/2019\/08\/Blog-Arbeitswochenende-Aug2019-Hausansicht-520x293.jpg 520w, https:\/\/www.senklerhof.de\/wp-content\/uploads\/2019\/08\/Blog-Arbeitswochenende-Aug2019-Hausansicht-740x416.jpg 740w\" sizes=\"auto, (max-width: 300px) 100vw, 300px\" \/><span style=\"color: #ffffff;\">aafaaaaaa<\/span><img loading=\"lazy\" decoding=\"async\" class=\"alignnone size-medium wp-image-764\" src=\"http:\/\/www.senklerhof.de\/wp-content\/uploads\/2019\/08\/Blog-Arbeitswochenende-Aug2019-Rettungsleiter-300x169.jpg\" alt=\"\" width=\"300\" height=\"169\" srcset=\"https:\/\/www.senklerhof.de\/wp-content\/uploads\/2019\/08\/Blog-Arbeitswochenende-Aug2019-Rettungsleiter-300x169.jpg 300w, https:\/\/www.senklerhof.de\/wp-content\/uploads\/2019\/08\/Blog-Arbeitswochenende-Aug2019-Rettungsleiter-768x432.jpg 768w, https:\/\/www.senklerhof.de\/wp-content\/uploads\/2019\/08\/Blog-Arbeitswochenende-Aug2019-Rettungsleiter-1024x576.jpg 1024w, https:\/\/www.senklerhof.de\/wp-content\/uploads\/2019\/08\/Blog-Arbeitswochenende-Aug2019-Rettungsleiter-520x293.jpg 520w, https:\/\/www.senklerhof.de\/wp-content\/uploads\/2019\/08\/Blog-Arbeitswochenende-Aug2019-Rettungsleiter-740x416.jpg 740w\" sizes=\"auto, (max-width: 300px) 100vw, 300px\" \/><\/p>\n<p><img loading=\"lazy\" decoding=\"async\" class=\"alignnone size-medium wp-image-763\" src=\"http:\/\/www.senklerhof.de\/wp-content\/uploads\/2019\/08\/Blog-Arbeitswochenende-Aug2019-Notausgang-169x300.jpg\" alt=\"\" width=\"169\" height=\"300\" srcset=\"https:\/\/www.senklerhof.de\/wp-content\/uploads\/2019\/08\/Blog-Arbeitswochenende-Aug2019-Notausgang-169x300.jpg 169w, https:\/\/www.senklerhof.de\/wp-content\/uploads\/2019\/08\/Blog-Arbeitswochenende-Aug2019-Notausgang-768x1365.jpg 768w, https:\/\/www.senklerhof.de\/wp-content\/uploads\/2019\/08\/Blog-Arbeitswochenende-Aug2019-Notausgang-576x1024.jpg 576w, https:\/\/www.senklerhof.de\/wp-content\/uploads\/2019\/08\/Blog-Arbeitswochenende-Aug2019-Notausgang-520x924.jpg 520w, https:\/\/www.senklerhof.de\/wp-content\/uploads\/2019\/08\/Blog-Arbeitswochenende-Aug2019-Notausgang-740x1316.jpg 740w\" sizes=\"auto, (max-width: 169px) 100vw, 169px\" \/><span style=\"color: #ffffff;\">aa<\/span><img loading=\"lazy\" decoding=\"async\" class=\"alignnone size-medium wp-image-777\" src=\"http:\/\/www.senklerhof.de\/wp-content\/uploads\/2019\/08\/Blog-Arbeitswochenende-Aug2019-Flucht-und-Rettungsplan-300x169.jpg\" alt=\"\" width=\"300\" height=\"169\" srcset=\"https:\/\/www.senklerhof.de\/wp-content\/uploads\/2019\/08\/Blog-Arbeitswochenende-Aug2019-Flucht-und-Rettungsplan-300x169.jpg 300w, https:\/\/www.senklerhof.de\/wp-content\/uploads\/2019\/08\/Blog-Arbeitswochenende-Aug2019-Flucht-und-Rettungsplan-768x432.jpg 768w, https:\/\/www.senklerhof.de\/wp-content\/uploads\/2019\/08\/Blog-Arbeitswochenende-Aug2019-Flucht-und-Rettungsplan-1024x576.jpg 1024w, https:\/\/www.senklerhof.de\/wp-content\/uploads\/2019\/08\/Blog-Arbeitswochenende-Aug2019-Flucht-und-Rettungsplan-520x293.jpg 520w, https:\/\/www.senklerhof.de\/wp-content\/uploads\/2019\/08\/Blog-Arbeitswochenende-Aug2019-Flucht-und-Rettungsplan-740x416.jpg 740w\" sizes=\"auto, (max-width: 300px) 100vw, 300px\" \/><span style=\"color: #ffffff;\">aa<\/span><img loading=\"lazy\" decoding=\"async\" class=\"alignnone size-medium wp-image-761\" src=\"http:\/\/www.senklerhof.de\/wp-content\/uploads\/2019\/08\/Blog-Arbeitswochenende-Aug2019-Herdschutz-169x300.jpg\" alt=\"\" width=\"169\" height=\"300\" srcset=\"https:\/\/www.senklerhof.de\/wp-content\/uploads\/2019\/08\/Blog-Arbeitswochenende-Aug2019-Herdschutz-169x300.jpg 169w, https:\/\/www.senklerhof.de\/wp-content\/uploads\/2019\/08\/Blog-Arbeitswochenende-Aug2019-Herdschutz-768x1365.jpg 768w, https:\/\/www.senklerhof.de\/wp-content\/uploads\/2019\/08\/Blog-Arbeitswochenende-Aug2019-Herdschutz-576x1024.jpg 576w, https:\/\/www.senklerhof.de\/wp-content\/uploads\/2019\/08\/Blog-Arbeitswochenende-Aug2019-Herdschutz-520x924.jpg 520w, https:\/\/www.senklerhof.de\/wp-content\/uploads\/2019\/08\/Blog-Arbeitswochenende-Aug2019-Herdschutz-740x1316.jpg 740w\" sizes=\"auto, (max-width: 169px) 100vw, 169px\" \/><\/p>\n<p>Auch der Brandschutz auf dem Senklerhof wurde weiter verbessert.<\/p>\n<ul>\n<li>An der Haust\u00fcr und an den Fluchtt\u00fcren im Obergeschoss wurden Panikschl\u00f6sser eingebaut.<\/li>\n<li>F\u00fcr den Fluchtweg im Obergeschoss wurde eine neue T\u00fcr eingesetzt und eine Rampe gebaut.<\/li>\n<li>Es wurden auf der Ost- bzw. Westseite im Obergeschoss eine Rettungsleiter angebracht.<\/li>\n<li>Unter den beiden Herden in der K\u00fcche wurde eine durchgehende Edelstahlplatte angebracht.<\/li>\n<li>Er wurde ein Flucht- und Rettungsplan erstellt und im Eingangsbereich angebracht.<\/li>\n<\/ul>\n<p>Wieder hat es viel Spa\u00df gemacht mit all den flei\u00dfigen Helfern. Nochmal ein dickes DANKE SCH\u00d6N!<\/p>\n<p>Der H\u00fcttenwart<\/p>\n","protected":false},"excerpt":{"rendered":"<p>Wieder haben sich flei\u00dfige Helfer zu einem Arbeitswochenende auf dem Senklerhof zusammengefunden. Wie immer wurde der Senkler gr\u00fcndlich geputzt und auf Vordermann gebracht. Betten und Matratzen wurden auf Besch\u00e4digungen gepr\u00fcft und gr\u00fcndlich gereinigt. Das komplette K\u00fccheninventar wurde ausger\u00e4umt, geputzt und besch\u00e4digte Teile ausgetauscht. Schr\u00e4nke, Herd<a class=\"read-more\" href=\"https:\/\/www.senklerhof.de\/index.php\/2019\/08\/12\/arbeitswochenende-09-11-august-2019\/\">Weiterlesen<\/a><\/p>\n","protected":false},"author":4,"featured_media":0,"comment_status":"closed","ping_status":"open","sticky":false,"template":"","format":"standard","meta":{"ngg_post_thumbnail":0,"footnotes":""},"categories":[3],"tags":[],"class_list":["post-769","post","type-post","status-publish","format-standard","hentry","category-allgemein"],"_links":{"self":[{"href":"https:\/\/www.senklerhof.de\/index.php\/wp-json\/wp\/v2\/posts\/769","targetHints":{"allow":["GET"]}}],"collection":[{"href":"https:\/\/www.senklerhof.de\/index.php\/wp-json\/wp\/v2\/posts"}],"about":[{"href":"https:\/\/www.senklerhof.de\/index.php\/wp-json\/wp\/v2\/types\/post"}],"author":[{"embeddable":true,"href":"https:\/\/www.senklerhof.de\/index.php\/wp-json\/wp\/v2\/users\/4"}],"replies":[{"embeddable":true,"href":"https:\/\/www.senklerhof.de\/index.php\/wp-json\/wp\/v2\/comments?post=769"}],"version-history":[{"count":25,"href":"https:\/\/www.senklerhof.de\/index.php\/wp-json\/wp\/v2\/posts\/769\/revisions"}],"predecessor-version":[{"id":795,"href":"https:\/\/www.senklerhof.de\/index.php\/wp-json\/wp\/v2\/posts\/769\/revisions\/795"}],"wp:attachment":[{"href":"https:\/\/www.senklerhof.de\/index.php\/wp-json\/wp\/v2\/media?parent=769"}],"wp:term":[{"taxonomy":"category","embeddable":true,"href":"https:\/\/www.senklerhof.de\/index.php\/wp-json\/wp\/v2\/categories?post=769"},{"taxonomy":"post_tag","embeddable":true,"href":"https:\/\/www.senklerhof.de\/index.php\/wp-json\/wp\/v2\/tags?post=769"}],"curies":[{"name":"wp","href":"https:\/\/api.w.org\/{rel}","templated":true}]}}